{"id":3367,"date":"2025-06-01T20:06:49","date_gmt":"2025-06-01T18:06:49","guid":{"rendered":"https:\/\/periodicolarepublica.com\/?p=3367"},"modified":"2025-06-01T20:06:49","modified_gmt":"2025-06-01T18:06:49","slug":"alcaldia-sdn-celebra-dia-de-las-madres-con-empleadas-y-municipes","status":"publish","type":"post","link":"https:\/\/periodicolarepublica.com\/index.php\/2025\/06\/01\/alcaldia-sdn-celebra-dia-de-las-madres-con-empleadas-y-municipes\/","title":{"rendered":"Alcald\u00eda SDN celebra D\u00eda de las Madres con empleadas y mun\u00edcipes"},"content":{"rendered":"<p>Realiza rifas de electrodom\u00e9sticos<\/p>\n<p>Santo Domingo Norte, R.D.- La Alcald\u00eda de Santo Domingo Norte (ASDN) celebr\u00f3 el D\u00eda de las Madres con empleadas y progenitoras del municipio, un evento masivo encabezado por la alcaldesa Betty Ger\u00f3nimo.<\/p>\n<p>A su llegada, cada madre recibi\u00f3 un presente cortes\u00eda del cabildo.<\/p>\n<p>Durante la actividad, realizada en el Parque Mirador Norte, las asistentes, acompa\u00f1adas de sus hijos, disfrutaron de m\u00fasica en vivo a cargo de la orquesta de los hijos de Johnny Ventura y de un rico almuerzo.<\/p>\n<p>Adem\u00e1s, se rifaron electrodom\u00e9sticos como neveras, abanicos, estufas, televisores, freidoras de aire, inversores, licuadora, entre otros.<\/p>\n<p>Este evento cont\u00f3 con el apoyo de los Comedores Econ\u00f3micos, la Polic\u00eda Nacional y empresas del municipio.<img loading=\"lazy\" decoding=\"async\" class=\"size-medium wp-image-1127 alignright\" src=\"https:\/\/periodicolarepublica.com\/wp-content\/uploads\/2024\/06\/Picsart_24-06-30_16-42-13-404-300x224.jpg\" alt=\"\" width=\"300\" height=\"224\" \/><\/p>\n","protected":false},"excerpt":{"rendered":"<p>Realiza rifas de electrodom\u00e9sticos Santo Domingo Norte, R.D.- La Alcald\u00eda de Santo Domingo Norte (ASDN) celebr\u00f3 el D\u00eda de las Madres con empleadas y progenitoras del municipio, un evento masivo encabezado por la alcaldesa Betty Ger\u00f3nimo. A su llegada, cada madre recibi\u00f3 un presente cortes\u00eda del cabildo. Durante la actividad, realizada en el Parque Mirador [&hellip;]<\/p>\n","protected":false},"author":10,"featured_media":1127,"comment_status":"open","ping_status":"open","sticky":false,"template":"","format":"standard","meta":{"om_disable_all_campaigns":false,"_monsterinsights_skip_tracking":false,"_monsterinsights_sitenote_active":false,"_monsterinsights_sitenote_note":"","_monsterinsights_sitenote_category":0,"footnotes":""},"categories":[1],"tags":[],"class_list":{"0":"post-3367","1":"post","2":"type-post","3":"status-publish","4":"format-standard","5":"has-post-thumbnail","7":"category-nacionales"},"aioseo_notices":[],"_links":{"self":[{"href":"https:\/\/periodicolarepublica.com\/index.php\/wp-json\/wp\/v2\/posts\/3367","targetHints":{"allow":["GET"]}}],"collection":[{"href":"https:\/\/periodicolarepublica.com\/index.php\/wp-json\/wp\/v2\/posts"}],"about":[{"href":"https:\/\/periodicolarepublica.com\/index.php\/wp-json\/wp\/v2\/types\/post"}],"author":[{"embeddable":true,"href":"https:\/\/periodicolarepublica.com\/index.php\/wp-json\/wp\/v2\/users\/10"}],"replies":[{"embeddable":true,"href":"https:\/\/periodicolarepublica.com\/index.php\/wp-json\/wp\/v2\/comments?post=3367"}],"version-history":[{"count":1,"href":"https:\/\/periodicolarepublica.com\/index.php\/wp-json\/wp\/v2\/posts\/3367\/revisions"}],"predecessor-version":[{"id":3368,"href":"https:\/\/periodicolarepublica.com\/index.php\/wp-json\/wp\/v2\/posts\/3367\/revisions\/3368"}],"wp:featuredmedia":[{"embeddable":true,"href":"https:\/\/periodicolarepublica.com\/index.php\/wp-json\/wp\/v2\/media\/1127"}],"wp:attachment":[{"href":"https:\/\/periodicolarepublica.com\/index.php\/wp-json\/wp\/v2\/media?parent=3367"}],"wp:term":[{"taxonomy":"category","embeddable":true,"href":"https:\/\/periodicolarepublica.com\/index.php\/wp-json\/wp\/v2\/categories?post=3367"},{"taxonomy":"post_tag","embeddable":true,"href":"https:\/\/periodicolarepublica.com\/index.php\/wp-json\/wp\/v2\/tags?post=3367"}],"curies":[{"name":"wp","href":"https:\/\/api.w.org\/{rel}","templated":true}]}}