{"id":337,"date":"2024-01-12T16:50:27","date_gmt":"2024-01-12T15:50:27","guid":{"rendered":"https:\/\/periodicolarepublica.com\/?p=337"},"modified":"2024-01-12T16:50:27","modified_gmt":"2024-01-12T15:50:27","slug":"reconocen-doctor-dominicano-como-maestro-en-cirugia-estetica-en-mexico","status":"publish","type":"post","link":"https:\/\/periodicolarepublica.com\/index.php\/2024\/01\/12\/reconocen-doctor-dominicano-como-maestro-en-cirugia-estetica-en-mexico\/","title":{"rendered":"Reconocen doctor Dominicano como maestro en Cirug\u00eda Estetica en M\u00e9xico"},"content":{"rendered":"<p><img loading=\"lazy\" decoding=\"async\" class=\"alignnone size-medium wp-image-338\" src=\"https:\/\/periodicolarepublica.com\/wp-content\/uploads\/2024\/01\/Picsart_24-01-12_11-40-27-069-300x158.png\" alt=\"\" width=\"300\" height=\"158\" srcset=\"https:\/\/periodicolarepublica.com\/wp-content\/uploads\/2024\/01\/Picsart_24-01-12_11-40-27-069-300x158.png?v=1715379829 300w, https:\/\/periodicolarepublica.com\/wp-content\/uploads\/2024\/01\/Picsart_24-01-12_11-40-27-069-1024x538.png?v=1715379829 1024w, https:\/\/periodicolarepublica.com\/wp-content\/uploads\/2024\/01\/Picsart_24-01-12_11-40-27-069-768x403.png?v=1715379829 768w, https:\/\/periodicolarepublica.com\/wp-content\/uploads\/2024\/01\/Picsart_24-01-12_11-40-27-069-1536x807.png?v=1715379829 1536w, https:\/\/periodicolarepublica.com\/wp-content\/uploads\/2024\/01\/Picsart_24-01-12_11-40-27-069-2048x1075.png?v=1715379829 2048w, https:\/\/periodicolarepublica.com\/wp-content\/uploads\/2024\/01\/Picsart_24-01-12_11-40-27-069-150x79.png?v=1715379829 150w, https:\/\/periodicolarepublica.com\/wp-content\/uploads\/2024\/01\/Picsart_24-01-12_11-40-27-069-600x315.png?v=1715379829 600w, https:\/\/periodicolarepublica.com\/wp-content\/uploads\/2024\/01\/Picsart_24-01-12_11-40-27-069-696x365.png?v=1715379829 696w, https:\/\/periodicolarepublica.com\/wp-content\/uploads\/2024\/01\/Picsart_24-01-12_11-40-27-069-1392x731.png?v=1715379829 1392w, https:\/\/periodicolarepublica.com\/wp-content\/uploads\/2024\/01\/Picsart_24-01-12_11-40-27-069-1068x561.png?v=1715379829 1068w, https:\/\/periodicolarepublica.com\/wp-content\/uploads\/2024\/01\/Picsart_24-01-12_11-40-27-069-1920x1008.png?v=1715379829 1920w\" sizes=\"auto, (max-width: 300px) 100vw, 300px\" \/><\/p>\n<p>Fue reconocido el Dr. \u00d3scar Polanco, por la Universidad Aut\u00f3noma del Conde, en Guerrero M\u00e9xico, donde fue acreditado como Maestro en Cirug\u00eda Est\u00e9tica, certificaci\u00f3n que tambi\u00e9n es avalada por el Instituto Superiores en Medicina S.C., as\u00ed como tambi\u00e9n del Colegio de Profesionistas con Maestr\u00eda en Cirug\u00eda Est\u00e9tica de M\u00e9xico, A.C. y cuenta con la aprobaci\u00f3n y el reconocimiento del Ministerio de Educaci\u00f3n Superior Ciencia y Tecnolog\u00eda (MESCYT), el titulo lo faculta para realizar Abdominoplast\u00eda, Blefaroplast\u00eda, Lipoescultura, Implante Capilar, Rejuvenecimiento facial, Relleno Vulvar, Mordeamiento de gl\u00fateos y todo lo que se opere para embellecer el cuerpo y la silueta humana<\/p>\n","protected":false},"excerpt":{"rendered":"<p>Fue reconocido el Dr. \u00d3scar Polanco, por la Universidad Aut\u00f3noma del Conde, en Guerrero M\u00e9xico, donde fue acreditado como Maestro en Cirug\u00eda Est\u00e9tica, certificaci\u00f3n que tambi\u00e9n es avalada por el Instituto Superiores en Medicina S.C., as\u00ed como tambi\u00e9n del Colegio de Profesionistas con Maestr\u00eda en Cirug\u00eda Est\u00e9tica de M\u00e9xico, A.C. y cuenta con la aprobaci\u00f3n [&hellip;]<\/p>\n","protected":false},"author":1,"featured_media":338,"comment_status":"open","ping_status":"open","sticky":false,"template":"","format":"standard","meta":{"om_disable_all_campaigns":false,"_monsterinsights_skip_tracking":false,"_monsterinsights_sitenote_active":false,"_monsterinsights_sitenote_note":"","_monsterinsights_sitenote_category":0,"footnotes":""},"categories":[1],"tags":[78,79,80,81],"class_list":{"0":"post-337","1":"post","2":"type-post","3":"status-publish","4":"format-standard","5":"has-post-thumbnail","7":"category-nacionales","8":"tag-cirugia","9":"tag-cirugia-estetica","10":"tag-gluteos","11":"tag-lipoescultura"},"aioseo_notices":[],"_links":{"self":[{"href":"https:\/\/periodicolarepublica.com\/index.php\/wp-json\/wp\/v2\/posts\/337","targetHints":{"allow":["GET"]}}],"collection":[{"href":"https:\/\/periodicolarepublica.com\/index.php\/wp-json\/wp\/v2\/posts"}],"about":[{"href":"https:\/\/periodicolarepublica.com\/index.php\/wp-json\/wp\/v2\/types\/post"}],"author":[{"embeddable":true,"href":"https:\/\/periodicolarepublica.com\/index.php\/wp-json\/wp\/v2\/users\/1"}],"replies":[{"embeddable":true,"href":"https:\/\/periodicolarepublica.com\/index.php\/wp-json\/wp\/v2\/comments?post=337"}],"version-history":[{"count":1,"href":"https:\/\/periodicolarepublica.com\/index.php\/wp-json\/wp\/v2\/posts\/337\/revisions"}],"predecessor-version":[{"id":339,"href":"https:\/\/periodicolarepublica.com\/index.php\/wp-json\/wp\/v2\/posts\/337\/revisions\/339"}],"wp:featuredmedia":[{"embeddable":true,"href":"https:\/\/periodicolarepublica.com\/index.php\/wp-json\/wp\/v2\/media\/338"}],"wp:attachment":[{"href":"https:\/\/periodicolarepublica.com\/index.php\/wp-json\/wp\/v2\/media?parent=337"}],"wp:term":[{"taxonomy":"category","embeddable":true,"href":"https:\/\/periodicolarepublica.com\/index.php\/wp-json\/wp\/v2\/categories?post=337"},{"taxonomy":"post_tag","embeddable":true,"href":"https:\/\/periodicolarepublica.com\/index.php\/wp-json\/wp\/v2\/tags?post=337"}],"curies":[{"name":"wp","href":"https:\/\/api.w.org\/{rel}","templated":true}]}}