{"id":3375,"date":"2025-06-03T00:41:29","date_gmt":"2025-06-02T22:41:29","guid":{"rendered":"https:\/\/periodicolarepublica.com\/?p=3375"},"modified":"2025-06-03T00:41:29","modified_gmt":"2025-06-02T22:41:29","slug":"carolina-viaja-a-espana-para-firma-de-hermanamiento-de-cooperacion-entre-sd-y-sevilla","status":"publish","type":"post","link":"https:\/\/periodicolarepublica.com\/index.php\/2025\/06\/03\/carolina-viaja-a-espana-para-firma-de-hermanamiento-de-cooperacion-entre-sd-y-sevilla\/","title":{"rendered":"Carolina viaja a Espa\u00f1a para firma de hermanamiento de cooperaci\u00f3n entre SD y Sevilla"},"content":{"rendered":"<p>*Carolina viaja a Espa\u00f1a para firma de hermanamiento de cooperaci\u00f3n entb<\/p>\n<p>La alcaldesa del DN agotar\u00e1 una amplia agenda de reuniones en el pa\u00eds europeo<\/p>\n<p>Santo Domingo, DN \u2013 Carolina Mej\u00eda viaj\u00f3 a Espa\u00f1a donde agotar\u00e1 una amplia agenda que incluye el hermanamiento entre Sevilla y Santo Domingo.<\/p>\n<p>&nbsp;<\/p>\n<p>La firma se efectuar\u00e1 este lunes cuando el alcalde de Sevilla, Jos\u00e9 Luis Sanz, sostenga un encuentro con Mej\u00eda, donde adem\u00e1s participar\u00e1n el embajador dominicano en Espa\u00f1a, Tony Raful; la teniente de alcalde, delegada de Fondos Europeos, Agenda Urbana, Sostenibilidad y Planes Estrat\u00e9gicos, Minerva Salas; y el comisario del centenario de la Exposici\u00f3n Iberoamericana de 1929, Julio Cuesta.w<\/p>\n<p>La alcaldesa destac\u00f3 que este tipo de acuerdos fortalece la institucionalidad del Distrito Nacional, por lo que desde ya lo est\u00e1 promoviendo para que sea replicado tambi\u00e9n en los distintos municipios del pa\u00eds. En ese sentido, Mej\u00eda llam\u00f3 a los alcaldes a impulsar hermandades para lograr mejores pr\u00e1cticas y asistencias t\u00e9cnicas, para el beneficio de toda la Rep\u00fablica Dominicana.<\/p>\n<p>Posterior a la firma, Carolina Mej\u00eda asistir\u00e1 al almuerzo que ofrece en su honor don Francisco Herrero, presidente de la C\u00e1mara de Comercio de Sevilla.<\/p>\n<p>Adem\u00e1s, la alcaldesa dominicana visitar\u00e1 el Archivo General de Indias, junto al embajador Tony Raful, donde los recibir\u00e1 su directora, Esther Cruces Blanco.<\/p>\n<p>Mej\u00eda estar\u00e1 presente en el Congreso Iberoamericano CEAPI 2025, organismo que sigue avanzando hacia la creaci\u00f3n de una comunidad de personas, de l\u00edderes empresariales que fomenten el crecimiento y el desarrollo de Iberoam\u00e9rica.<\/p>\n<p><img loading=\"lazy\" decoding=\"async\" class=\"alignnone size-medium wp-image-3259\" src=\"https:\/\/periodicolarepublica.com\/wp-content\/uploads\/2025\/05\/AND09031-scaled-e1748904065733-300x250.jpg\" alt=\"\" width=\"300\" height=\"250\" srcset=\"https:\/\/periodicolarepublica.com\/wp-content\/uploads\/2025\/05\/AND09031-scaled-e1748904065733-300x250.jpg 300w, https:\/\/periodicolarepublica.com\/wp-content\/uploads\/2025\/05\/AND09031-scaled-e1748904065733-150x125.jpg 150w, https:\/\/periodicolarepublica.com\/wp-content\/uploads\/2025\/05\/AND09031-scaled-e1748904065733.jpg 303w\" sizes=\"auto, (max-width: 300px) 100vw, 300px\" \/><\/p>\n","protected":false},"excerpt":{"rendered":"<p>*Carolina viaja a Espa\u00f1a para firma de hermanamiento de cooperaci\u00f3n entb La alcaldesa del DN agotar\u00e1 una amplia agenda de reuniones en el pa\u00eds europeo Santo Domingo, DN \u2013 Carolina Mej\u00eda viaj\u00f3 a Espa\u00f1a donde agotar\u00e1 una amplia agenda que incluye el hermanamiento entre Sevilla y Santo Domingo. &nbsp; La firma se efectuar\u00e1 este lunes [&hellip;]<\/p>\n","protected":false},"author":6,"featured_media":3259,"comment_status":"open","ping_status":"open","sticky":false,"template":"","format":"standard","meta":{"om_disable_all_campaigns":false,"_monsterinsights_skip_tracking":false,"_monsterinsights_sitenote_active":false,"_monsterinsights_sitenote_note":"","_monsterinsights_sitenote_category":0,"footnotes":""},"categories":[1],"tags":[],"class_list":{"0":"post-3375","1":"post","2":"type-post","3":"status-publish","4":"format-standard","5":"has-post-thumbnail","7":"category-nacionales"},"aioseo_notices":[],"_links":{"self":[{"href":"https:\/\/periodicolarepublica.com\/index.php\/wp-json\/wp\/v2\/posts\/3375","targetHints":{"allow":["GET"]}}],"collection":[{"href":"https:\/\/periodicolarepublica.com\/index.php\/wp-json\/wp\/v2\/posts"}],"about":[{"href":"https:\/\/periodicolarepublica.com\/index.php\/wp-json\/wp\/v2\/types\/post"}],"author":[{"embeddable":true,"href":"https:\/\/periodicolarepublica.com\/index.php\/wp-json\/wp\/v2\/users\/6"}],"replies":[{"embeddable":true,"href":"https:\/\/periodicolarepublica.com\/index.php\/wp-json\/wp\/v2\/comments?post=3375"}],"version-history":[{"count":1,"href":"https:\/\/periodicolarepublica.com\/index.php\/wp-json\/wp\/v2\/posts\/3375\/revisions"}],"predecessor-version":[{"id":3376,"href":"https:\/\/periodicolarepublica.com\/index.php\/wp-json\/wp\/v2\/posts\/3375\/revisions\/3376"}],"wp:featuredmedia":[{"embeddable":true,"href":"https:\/\/periodicolarepublica.com\/index.php\/wp-json\/wp\/v2\/media\/3259"}],"wp:attachment":[{"href":"https:\/\/periodicolarepublica.com\/index.php\/wp-json\/wp\/v2\/media?parent=3375"}],"wp:term":[{"taxonomy":"category","embeddable":true,"href":"https:\/\/periodicolarepublica.com\/index.php\/wp-json\/wp\/v2\/categories?post=3375"},{"taxonomy":"post_tag","embeddable":true,"href":"https:\/\/periodicolarepublica.com\/index.php\/wp-json\/wp\/v2\/tags?post=3375"}],"curies":[{"name":"wp","href":"https:\/\/api.w.org\/{rel}","templated":true}]}}