{"id":3378,"date":"2025-06-04T15:55:52","date_gmt":"2025-06-04T13:55:52","guid":{"rendered":"https:\/\/periodicolarepublica.com\/?p=3378"},"modified":"2025-06-04T15:55:52","modified_gmt":"2025-06-04T13:55:52","slug":"si-mantenemos-la-unidad-no-nos-gana-nadie-afirma-tomas-hernandez-sobre-el-prm","status":"publish","type":"post","link":"https:\/\/periodicolarepublica.com\/index.php\/2025\/06\/04\/si-mantenemos-la-unidad-no-nos-gana-nadie-afirma-tomas-hernandez-sobre-el-prm\/","title":{"rendered":"\u201cSi mantenemos la unidad, no nos gana nadie\u201d, afirma Tom\u00e1s Hern\u00e1ndez sobre el PRM"},"content":{"rendered":"<p>Santo Domingo. El dirigente del Partido Revolucionario Moderno (PRM), Tom\u00e1s Hern\u00e1ndez Alberto, valor\u00f3 como un privilegio el nivel y la diversidad de los actuales aspirantes presidenciales dentro del partido oficialista. Afirm\u00f3 que, si se preserva la unidad y se mantiene el liderazgo del presidente Luis Abinader, el PRM tiene garantizada la victoria electoral en 2028.<\/p>\n<p>En su intervenci\u00f3n en Esto No Tiene Nombre, Hern\u00e1ndez elogi\u00f3 el perfil de los precandidatos:<br \/>\n\u201cEs un orgullo poder tener una constelaci\u00f3n de j\u00f3venes y adultos en calidad de aspirantes a la presidencia de la Rep\u00fablica [\u2026] todos excelentes proponentes que pudieran ser excelentes presidentes de la Rep\u00fablica o presidenta de la Rep\u00fablica\u201d.<\/p>\n<p>Se\u00f1al\u00f3 que el PRM cuenta con figuras con experiencia tanto en el sector p\u00fablico como privado, algo que considera crucial para un eventual nuevo mandatario:<br \/>\n\u201cTodo aquel que ha estado en oposiciones y ha sido bien calificado, puede ser en este pa\u00eds perfectamente un gran presidente\u201d.<\/p>\n<p>Comparaciones con la oposici\u00f3n y advertencia sobre el pasado<br \/>\nEn contraste con el oficialismo, Hern\u00e1ndez opin\u00f3 que la oposici\u00f3n enfrenta un reto de credibilidad debido a su pasado reciente:<br \/>\n\u201cHasta que no puedan poner gente que no se comprometi\u00f3 con la corrupci\u00f3n [\u2026] van a tener dificultad\u201d.<\/p>\n<p>Record\u00f3 una conversaci\u00f3n con el expresidente Danilo Medina en la que este admiti\u00f3 la protecci\u00f3n a compa\u00f1eros implicados:<br \/>\n\u201cYo le dije: usted prometi\u00f3 que hasta por una menci\u00f3n usted iba a actuar. Y \u00e9l me respondi\u00f3: \u2018Tom\u00e1s, es que son compa\u00f1eros\u2019\u201d.<\/p>\n<p>Unidad como clave de la victoria<br \/>\nHern\u00e1ndez reiter\u00f3 que el \u00e9xito del PRM depender\u00e1 de la cohesi\u00f3n interna:<br \/>\n\u201cSi mantenemos la unidad y Luis termina su mandato en alto, como habr\u00e1 de hacerlo [\u2026] no nos gana nadie, nadie\u201d, enfatiz\u00f3.<\/p>\n<p>Sobre la Secretar\u00eda General: independencia ante todo<br \/>\nEn cuanto al proceso interno para elegir al pr\u00f3ximo Secretario General del PRM, Hern\u00e1ndez fue enf\u00e1tico al pedir que este cargo se mantenga separado de intereses presidenciales. \u201cEl Secretario General debe ser independiente [\u2026] porque si no, lo que va a ocurrir es que se va a adelantar un resultado\u201d, dijo.<\/p>\n<p>Recomend\u00f3 que quienes aspiren lo hagan por m\u00e9rito propio y no como parte de una alianza con precandidatos presidenciales. \u201cQue se lancen los que sepan que solo por su manera de ser, por su conducta, por su hoja de vida, [\u2026] pueden ser grandes Secretarios Generales\u201d, expres\u00f3.<img loading=\"lazy\" decoding=\"async\" class=\"size-medium wp-image-3379 alignright\" src=\"https:\/\/periodicolarepublica.com\/wp-content\/uploads\/2025\/06\/IMG_20250603_182505-300x173.jpg\" alt=\"\" width=\"300\" height=\"173\" \/><\/p>\n","protected":false},"excerpt":{"rendered":"<p>Santo Domingo. El dirigente del Partido Revolucionario Moderno (PRM), Tom\u00e1s Hern\u00e1ndez Alberto, valor\u00f3 como un privilegio el nivel y la diversidad de los actuales aspirantes presidenciales dentro del partido oficialista. Afirm\u00f3 que, si se preserva la unidad y se mantiene el liderazgo del presidente Luis Abinader, el PRM tiene garantizada la victoria electoral en 2028. [&hellip;]<\/p>\n","protected":false},"author":10,"featured_media":0,"comment_status":"open","ping_status":"open","sticky":false,"template":"","format":"standard","meta":{"om_disable_all_campaigns":false,"_monsterinsights_skip_tracking":false,"_monsterinsights_sitenote_active":false,"_monsterinsights_sitenote_note":"","_monsterinsights_sitenote_category":0,"footnotes":""},"categories":[1],"tags":[163],"class_list":{"0":"post-3378","1":"post","2":"type-post","3":"status-publish","4":"format-standard","6":"category-nacionales","7":"tag-tomas-hernandez-alberto"},"aioseo_notices":[],"_links":{"self":[{"href":"https:\/\/periodicolarepublica.com\/index.php\/wp-json\/wp\/v2\/posts\/3378","targetHints":{"allow":["GET"]}}],"collection":[{"href":"https:\/\/periodicolarepublica.com\/index.php\/wp-json\/wp\/v2\/posts"}],"about":[{"href":"https:\/\/periodicolarepublica.com\/index.php\/wp-json\/wp\/v2\/types\/post"}],"author":[{"embeddable":true,"href":"https:\/\/periodicolarepublica.com\/index.php\/wp-json\/wp\/v2\/users\/10"}],"replies":[{"embeddable":true,"href":"https:\/\/periodicolarepublica.com\/index.php\/wp-json\/wp\/v2\/comments?post=3378"}],"version-history":[{"count":1,"href":"https:\/\/periodicolarepublica.com\/index.php\/wp-json\/wp\/v2\/posts\/3378\/revisions"}],"predecessor-version":[{"id":3380,"href":"https:\/\/periodicolarepublica.com\/index.php\/wp-json\/wp\/v2\/posts\/3378\/revisions\/3380"}],"wp:attachment":[{"href":"https:\/\/periodicolarepublica.com\/index.php\/wp-json\/wp\/v2\/media?parent=3378"}],"wp:term":[{"taxonomy":"category","embeddable":true,"href":"https:\/\/periodicolarepublica.com\/index.php\/wp-json\/wp\/v2\/categories?post=3378"},{"taxonomy":"post_tag","embeddable":true,"href":"https:\/\/periodicolarepublica.com\/index.php\/wp-json\/wp\/v2\/tags?post=3378"}],"curies":[{"name":"wp","href":"https:\/\/api.w.org\/{rel}","templated":true}]}}