{"id":3382,"date":"2025-06-05T22:30:10","date_gmt":"2025-06-05T20:30:10","guid":{"rendered":"https:\/\/periodicolarepublica.com\/?p=3382"},"modified":"2025-06-05T22:30:10","modified_gmt":"2025-06-05T20:30:10","slug":"republica-dominicana-avanza-hacia-la-incorporacion-de-energia-nucleoelectrica-en-su-matriz-energetica","status":"publish","type":"post","link":"https:\/\/periodicolarepublica.com\/index.php\/2025\/06\/05\/republica-dominicana-avanza-hacia-la-incorporacion-de-energia-nucleoelectrica-en-su-matriz-energetica\/","title":{"rendered":"Rep\u00fablica Dominicana avanza hacia la incorporaci\u00f3n de energ\u00eda nucleoel\u00e9ctrica en su matriz energ\u00e9tica*"},"content":{"rendered":"<p>El funcionario expres\u00f3 que est\u00e1n trabajando en un plan ambicioso para promocionar el uso pac\u00edfico de las energ\u00edas y que la gente entienda sus beneficios_<\/p>\n<p>Santo Domingo.- Gaddis Corpor\u00e1n Segura, viceministro de Energ\u00eda Nuclear, destac\u00f3 que el uso de la tecnolog\u00eda nuclear son diversos e impactan de forma positiva en el bienestar de la poblaci\u00f3n, y con el fin de regular esa pr\u00e1ctica es que crea el viceministerio de Energ\u00eda Nuclear en el Ministerio de Energ\u00eda y Minas.<\/p>\n<p>&nbsp;<\/p>\n<p>El funcionario expres\u00f3 que en cada pa\u00eds debe haber un organismo que regule y fiscalice el uso pac\u00edfico de la energ\u00eda nuclear, por lo que est\u00e1n trabajando en un plan ambicioso para promocionar el uso pac\u00edfico de las energ\u00edas y que la gente comprenda sus beneficios.<\/p>\n<p>&nbsp;<\/p>\n<p>\u00abEs una tecnolog\u00eda que podemos aprovecharla, pero debemos primero tener una ley que ya la estamos trabajando, est\u00e1 el borrador listo y se le est\u00e1n dando los toques finales para que vaya a la C\u00e1mara de Diputados, y cabe resaltar se ha hecho en coordinaci\u00f3n con el Organismo Internacional de Energ\u00eda At\u00f3mica, a los fines de que cumpla para con todas las reglamentaciones internacionales\u00bb.<\/p>\n<p>&nbsp;<\/p>\n<p>Enfatiz\u00f3 que si eso se logra pasar\u00edamos la historia porque ser\u00edamos el primer pa\u00eds insular y del Caribe en tener generaci\u00f3n nuclear el\u00e9ctrica. \u00abEs un anhelo que tenemos, creo que es una pol\u00edtica de Estado que el pa\u00eds debe abrazarla y aprovecharla, pero debemos lograr que la gente entienda y conozca sobre el tema de energ\u00eda nuclear\u00bb.<\/p>\n<p>&nbsp;<\/p>\n<p>Tras dar estas declaraciones en el programa La Entr3vista, Corpor\u00e1n inform\u00f3 que en el \u00e1rea agr\u00edcola est\u00e1n desarrollando un proyecto con el Ministerio de Agricultura y el Organismo de Tecnolog\u00eda de Energ\u00eda At\u00f3mica, a fin de utilizar los rayos gamma para la inocuidad de los alimentos a la hora de exportarlo, lo cual ayudar\u00eda que a la hora de exportar un producto en mercados internacionales tenga la inocuidad que requieren.<\/p>\n<p>&nbsp;<\/p>\n<p>Otro punto importante que abord\u00f3 fue la creaci\u00f3n de un laboratorio de calibraciones dosimetr\u00eda, el cual va a permitir que en vez de tener que mandar a Estados Unidos a calibrar los equipos de dosimetr\u00eda, hacerlo desde el pa\u00eds.<\/p>\n<p>&nbsp;<\/p>\n<p>Dijo que est\u00e1n trabajando en todo el tema del equipamiento, lo cual va a permitir brindar un servicio que va a ser regional, ya que por la posici\u00f3n geogr\u00e1fica va a colocar a RD como un referente en cuanto a la calibraci\u00f3n sim\u00e9trica de la regi\u00f3n.<\/p>\n<p>Otro proyecto que tienen pautado a corto plazo es Rayo de Esperanza, el cual estamos llevando a cabo en coordinaci\u00f3n y colaboraci\u00f3n con el organismo de Energ\u00eda At\u00f3mica, para equipar al Oncol\u00f3gico de Barahona con aceleradores lineales y otros equipos de tecnolog\u00eda nuclear.<\/p>\n<p>&nbsp;<\/p>\n<p>Gaddis Corpor\u00e1n exhort\u00f3 a los estudiantes a incursionar en el \u00e1mbito de la energ\u00eda nuclear, debido a que el pa\u00eds cuenta con pocos ingenieros nucleares ligado al \u00e1rea m\u00e9dica, y que la gran mayor\u00eda est\u00e1n en la etapa de jubilaci\u00f3n.<\/p>\n<p>Se\u00f1al\u00f3 que tienen como reto junto con el Ministerio de Educaci\u00f3n Superior, Ciencia y Tecnolog\u00eda y las universidades, implementar programas de maestr\u00eda para que los j\u00f3venes puedan incursionar en esas ramas.<\/p>\n<p><img loading=\"lazy\" decoding=\"async\" class=\"alignnone size-medium wp-image-3384\" src=\"https:\/\/periodicolarepublica.com\/wp-content\/uploads\/2025\/06\/IMG_20250605_162819-e1749155373416-300x202.jpg\" alt=\"\" width=\"300\" height=\"202\" srcset=\"https:\/\/periodicolarepublica.com\/wp-content\/uploads\/2025\/06\/IMG_20250605_162819-e1749155373416-300x202.jpg 300w, https:\/\/periodicolarepublica.com\/wp-content\/uploads\/2025\/06\/IMG_20250605_162819-e1749155373416-768x518.jpg 768w, https:\/\/periodicolarepublica.com\/wp-content\/uploads\/2025\/06\/IMG_20250605_162819-e1749155373416-150x101.jpg 150w, https:\/\/periodicolarepublica.com\/wp-content\/uploads\/2025\/06\/IMG_20250605_162819-e1749155373416-600x404.jpg 600w, https:\/\/periodicolarepublica.com\/wp-content\/uploads\/2025\/06\/IMG_20250605_162819-e1749155373416-696x469.jpg 696w, https:\/\/periodicolarepublica.com\/wp-content\/uploads\/2025\/06\/IMG_20250605_162819-e1749155373416.jpg 1000w\" sizes=\"auto, (max-width: 300px) 100vw, 300px\" \/><\/p>\n","protected":false},"excerpt":{"rendered":"<p>El funcionario expres\u00f3 que est\u00e1n trabajando en un plan ambicioso para promocionar el uso pac\u00edfico de las energ\u00edas y que la gente entienda sus beneficios_ Santo Domingo.- Gaddis Corpor\u00e1n Segura, viceministro de Energ\u00eda Nuclear, destac\u00f3 que el uso de la tecnolog\u00eda nuclear son diversos e impactan de forma positiva en el bienestar de la poblaci\u00f3n, [&hellip;]<\/p>\n","protected":false},"author":6,"featured_media":3384,"comment_status":"open","ping_status":"open","sticky":false,"template":"","format":"standard","meta":{"om_disable_all_campaigns":false,"_monsterinsights_skip_tracking":false,"_monsterinsights_sitenote_active":false,"_monsterinsights_sitenote_note":"","_monsterinsights_sitenote_category":0,"footnotes":""},"categories":[1],"tags":[],"class_list":{"0":"post-3382","1":"post","2":"type-post","3":"status-publish","4":"format-standard","5":"has-post-thumbnail","7":"category-nacionales"},"aioseo_notices":[],"_links":{"self":[{"href":"https:\/\/periodicolarepublica.com\/index.php\/wp-json\/wp\/v2\/posts\/3382","targetHints":{"allow":["GET"]}}],"collection":[{"href":"https:\/\/periodicolarepublica.com\/index.php\/wp-json\/wp\/v2\/posts"}],"about":[{"href":"https:\/\/periodicolarepublica.com\/index.php\/wp-json\/wp\/v2\/types\/post"}],"author":[{"embeddable":true,"href":"https:\/\/periodicolarepublica.com\/index.php\/wp-json\/wp\/v2\/users\/6"}],"replies":[{"embeddable":true,"href":"https:\/\/periodicolarepublica.com\/index.php\/wp-json\/wp\/v2\/comments?post=3382"}],"version-history":[{"count":1,"href":"https:\/\/periodicolarepublica.com\/index.php\/wp-json\/wp\/v2\/posts\/3382\/revisions"}],"predecessor-version":[{"id":3385,"href":"https:\/\/periodicolarepublica.com\/index.php\/wp-json\/wp\/v2\/posts\/3382\/revisions\/3385"}],"wp:featuredmedia":[{"embeddable":true,"href":"https:\/\/periodicolarepublica.com\/index.php\/wp-json\/wp\/v2\/media\/3384"}],"wp:attachment":[{"href":"https:\/\/periodicolarepublica.com\/index.php\/wp-json\/wp\/v2\/media?parent=3382"}],"wp:term":[{"taxonomy":"category","embeddable":true,"href":"https:\/\/periodicolarepublica.com\/index.php\/wp-json\/wp\/v2\/categories?post=3382"},{"taxonomy":"post_tag","embeddable":true,"href":"https:\/\/periodicolarepublica.com\/index.php\/wp-json\/wp\/v2\/tags?post=3382"}],"curies":[{"name":"wp","href":"https:\/\/api.w.org\/{rel}","templated":true}]}}