{"id":3389,"date":"2025-06-05T22:53:06","date_gmt":"2025-06-05T20:53:06","guid":{"rendered":"https:\/\/periodicolarepublica.com\/?p=3389"},"modified":"2025-06-05T22:54:15","modified_gmt":"2025-06-05T20:54:15","slug":"3389","status":"publish","type":"post","link":"https:\/\/periodicolarepublica.com\/index.php\/2025\/06\/05\/3389\/","title":{"rendered":"Comunitarios de Estancia del Yaque resaltan acciones sociales del Gobierno a trav\u00e9s de Propeep"},"content":{"rendered":"<p>Navarrete, Santiago*_ Los Proyectos Estrat\u00e9gicos y Especiales de la Presidencia (Propeep) beneficiaron este jueves a m\u00e1s de mil quinientas personas en condiciones vulnerables de la comunidad Estancia del Yaque, Navarrete, donde los comunitarios resaltaron las acciones sociales del gobierno que encabeza el presidente Luis Abinader.<\/p>\n<p>&nbsp;<\/p>\n<p>La actividad fue encabezada por el director de Propeep, Robert Polanco, quien declar\u00f3 que el compromiso con la provincia Santiago le ha dado la oportunidad de trabajar una actividad por mes en aproximadamente cuatro meses que lleva al frente de la instituci\u00f3n.<\/p>\n<p>&nbsp;<\/p>\n<p>El funcionario destac\u00f3 que en \u201cestos cuatro meses hemos asistido familias que perdieron todo sus pertenencias en un siniestro en los Platanitos, tambi\u00e9n visitamos la comunidad Los Guineos, realizamos otra jornada \u201cPrimero T\u00fa\u201d en Los Cocos de Jacagua y esta jornada en el d\u00eda de hoy que es solo el impulso para seguir trabajando por los m\u00e1s necesitados, como nos ha instruido el Presidente Abinader\u201d<\/p>\n<p>&nbsp;<\/p>\n<p>Robert Polanco anunci\u00f3 que la pr\u00f3xima jornada en Santiago ser\u00e1 en el municipio La Canela, fruto de un acuerdo tomado en el mismo evento con la gobernadora Santos.<\/p>\n<p>&nbsp;<\/p>\n<p>Polanco expres\u00f3 su admiraci\u00f3n por el esp\u00edritu colectivo y trabajador del pueblo de Santiago y del compromiso de sus principales l\u00edderes de seguir llevando soluciones reales a cada rinc\u00f3n de \u00e9sta y otras provincias de la regi\u00f3n cibae\u00f1a.<\/p>\n<p>&nbsp;<\/p>\n<p>La actividad fue realizada en la escuela b\u00e1sica Gloria Beato donde los asistentes y los l\u00edderes comunitarios expresaron por separado su nivel de satisfacci\u00f3n con el gobierno y Propeep.<\/p>\n<p>&nbsp;<\/p>\n<p>*\u201dNunca se hab\u00eda hecho una jornada de esta magnitud aqu\u00ed\u201d, Luis Rodr\u00edguez*<\/p>\n<p>&nbsp;<\/p>\n<p>Para Luis Rodr\u00edguez, reconocido deportista y representante de grupos sociales y de la Junta de Vecinos en Estancia del Yaque, la jornada de inclusi\u00f3n social realizada por el Gobierno a trav\u00e9s de Propeep marc\u00f3 un hito en la historia reciente de la comunidad.<\/p>\n<p>&nbsp;<\/p>\n<p>\u201cNunca se hab\u00eda hecho una jornada de esta magnitud aqu\u00ed en Estancia Nueva\u201d, expres\u00f3 el destacado l\u00edder comunitario.<\/p>\n<p>&nbsp;<\/p>\n<p>De su lado, Albania Ventura, de 59 a\u00f1os, beneficiaria de los servicios de odontolog\u00eda, dijo \u201cesto es lo mejor que han tra\u00eddo aqu\u00ed, me hicieron mi limpieza en la boca y vuelvo de nuevo a otro servicio\u201d.<\/p>\n<p>&nbsp;<\/p>\n<p>En esos mismo t\u00e9rmino se expres\u00f3 el se\u00f1or Juan Francisco Luciano Cruz de 70 a\u00f1os de edad , quien al recibir su seguro (Senasa) dijo lo siguiente: \u201cle doy las gracias a todo el equipo de Propeep por la raz\u00f3n que veo que han tra\u00eddo cosas buenas para nosotros, la gente y por el pueblo de Estancia del Yaque y el pa\u00eds\u201d.<\/p>\n<p>&nbsp;<\/p>\n<p>En tanto que la joven Darlyn Guzm\u00e1n de 29 a\u00f1os de edad, tras recibir los servicios y orientaciones para las embarazadas dijo \u201c Yo me siento muy feliz y contenta porque esto es algo que nunca se hubiera visto aqu\u00ed, gracias al presidente Luis Abinader por traer estos servicios aqu\u00ed\u201d.<\/p>\n<p>&nbsp;<\/p>\n<p>*Servicios odontologicos*<\/p>\n<p>&nbsp;<\/p>\n<p>En la jornada realizada este jueves, m\u00e1s de 100 servicios de odont\u00f3logia se ofrecieron totalmente gratis, donde los asistentes se pudieron realizar profilaxis, aplicaci\u00f3n de fluor, restauraciones dental, adem\u00e1s instrucci\u00f3n de higiene bucal, entre otros.<\/p>\n<p>&nbsp;<\/p>\n<p>*Autoridades*<\/p>\n<p>&nbsp;<\/p>\n<p>Acompa\u00f1aron al funcionario la gobernadora civil provincial Rosa Santos, el alcalde del municipio de Navarrete, Noel Peralta; el director regional Cibao del Siuben, Gerardo Ortiz; adem\u00e1s, el coordinador interinstitucional de Intabaco, Eugenio Martinez; miembros de la Sala Capitular; Roberto D\u00edaz, director de Dominicana Digna; el coordinador provincial de Propeep, Jos\u00e9 Luis Popa, y l\u00edderes comunitarios, entre otros.<\/p>\n<p>&nbsp;<\/p>\n<p>&nbsp;<\/p>\n<p>*Direcci\u00f3n de Comunicaciones Propeep*<\/p>\n<p>5 de Junio 2025<\/p>\n<p>&nbsp;<\/p>\n<p><img loading=\"lazy\" decoding=\"async\" class=\"alignnone size-medium wp-image-3390\" src=\"https:\/\/periodicolarepublica.com\/wp-content\/uploads\/2025\/06\/IMG-20250605-WA0057-e1749156715197-300x210.jpg\" alt=\"\" width=\"300\" height=\"210\" srcset=\"https:\/\/periodicolarepublica.com\/wp-content\/uploads\/2025\/06\/IMG-20250605-WA0057-e1749156715197-300x210.jpg 300w, https:\/\/periodicolarepublica.com\/wp-content\/uploads\/2025\/06\/IMG-20250605-WA0057-e1749156715197-150x105.jpg 150w, https:\/\/periodicolarepublica.com\/wp-content\/uploads\/2025\/06\/IMG-20250605-WA0057-e1749156715197-600x420.jpg 600w, https:\/\/periodicolarepublica.com\/wp-content\/uploads\/2025\/06\/IMG-20250605-WA0057-e1749156715197-648x455.jpg 648w, https:\/\/periodicolarepublica.com\/wp-content\/uploads\/2025\/06\/IMG-20250605-WA0057-e1749156715197-100x70.jpg 100w, https:\/\/periodicolarepublica.com\/wp-content\/uploads\/2025\/06\/IMG-20250605-WA0057-e1749156715197-200x140.jpg 200w, https:\/\/periodicolarepublica.com\/wp-content\/uploads\/2025\/06\/IMG-20250605-WA0057-e1749156715197.jpg 650w\" sizes=\"auto, (max-width: 300px) 100vw, 300px\" \/><\/p>\n","protected":false},"excerpt":{"rendered":"<p>Navarrete, Santiago*_ Los Proyectos Estrat\u00e9gicos y Especiales de la Presidencia (Propeep) beneficiaron este jueves a m\u00e1s de mil quinientas personas en condiciones vulnerables de la comunidad Estancia del Yaque, Navarrete, donde los comunitarios resaltaron las acciones sociales del gobierno que encabeza el presidente Luis Abinader. &nbsp; La actividad fue encabezada por el director de Propeep, [&hellip;]<\/p>\n","protected":false},"author":6,"featured_media":3390,"comment_status":"open","ping_status":"open","sticky":false,"template":"","format":"standard","meta":{"om_disable_all_campaigns":false,"_monsterinsights_skip_tracking":false,"_monsterinsights_sitenote_active":false,"_monsterinsights_sitenote_note":"","_monsterinsights_sitenote_category":0,"footnotes":""},"categories":[1],"tags":[],"class_list":{"0":"post-3389","1":"post","2":"type-post","3":"status-publish","4":"format-standard","5":"has-post-thumbnail","7":"category-nacionales"},"aioseo_notices":[],"_links":{"self":[{"href":"https:\/\/periodicolarepublica.com\/index.php\/wp-json\/wp\/v2\/posts\/3389","targetHints":{"allow":["GET"]}}],"collection":[{"href":"https:\/\/periodicolarepublica.com\/index.php\/wp-json\/wp\/v2\/posts"}],"about":[{"href":"https:\/\/periodicolarepublica.com\/index.php\/wp-json\/wp\/v2\/types\/post"}],"author":[{"embeddable":true,"href":"https:\/\/periodicolarepublica.com\/index.php\/wp-json\/wp\/v2\/users\/6"}],"replies":[{"embeddable":true,"href":"https:\/\/periodicolarepublica.com\/index.php\/wp-json\/wp\/v2\/comments?post=3389"}],"version-history":[{"count":2,"href":"https:\/\/periodicolarepublica.com\/index.php\/wp-json\/wp\/v2\/posts\/3389\/revisions"}],"predecessor-version":[{"id":3392,"href":"https:\/\/periodicolarepublica.com\/index.php\/wp-json\/wp\/v2\/posts\/3389\/revisions\/3392"}],"wp:featuredmedia":[{"embeddable":true,"href":"https:\/\/periodicolarepublica.com\/index.php\/wp-json\/wp\/v2\/media\/3390"}],"wp:attachment":[{"href":"https:\/\/periodicolarepublica.com\/index.php\/wp-json\/wp\/v2\/media?parent=3389"}],"wp:term":[{"taxonomy":"category","embeddable":true,"href":"https:\/\/periodicolarepublica.com\/index.php\/wp-json\/wp\/v2\/categories?post=3389"},{"taxonomy":"post_tag","embeddable":true,"href":"https:\/\/periodicolarepublica.com\/index.php\/wp-json\/wp\/v2\/tags?post=3389"}],"curies":[{"name":"wp","href":"https:\/\/api.w.org\/{rel}","templated":true}]}}