{"id":3396,"date":"2025-06-08T15:14:24","date_gmt":"2025-06-08T13:14:24","guid":{"rendered":"https:\/\/periodicolarepublica.com\/?p=3396"},"modified":"2025-06-08T15:14:24","modified_gmt":"2025-06-08T13:14:24","slug":"hernandez-alberto-destaca-unidad-nacional-en-defensa-de-la-soberania-y-respalda-liderazgo-de-luis-abinader","status":"publish","type":"post","link":"https:\/\/periodicolarepublica.com\/index.php\/2025\/06\/08\/hernandez-alberto-destaca-unidad-nacional-en-defensa-de-la-soberania-y-respalda-liderazgo-de-luis-abinader\/","title":{"rendered":"Hern\u00e1ndez Alberto destaca unidad nacional en defensa de la soberan\u00eda y respalda liderazgo de Luis Abinader"},"content":{"rendered":"<p>Santo Domingo \u2013 El ingeniero Tom\u00e1s Hern\u00e1ndez Alberto, destacado miembro del Partido Revolucionario Moderno (PRM) y presidente del movimiento Poder P&#8217;AL Pueblo, destac\u00f3 la importancia hist\u00f3rica del momento que vive la Rep\u00fablica Dominicana con la unidad de sus l\u00edderes en defensa de la soberan\u00eda nacional, especialmente en torno a la crisis haitiana.<\/p>\n<p>&nbsp;<\/p>\n<p>Durante su participaci\u00f3n en el programa \u201cPuntos de Vista\u201d, conducido por la periodista Dania Goris, Hern\u00e1ndez Alberto manifest\u00f3 su orgullo al ver al presidente Luis Abinader y a los expresidentes Leonel Fern\u00e1ndez, Hip\u00f3lito Mej\u00eda y Danilo Medina firmar una carta conjunta dirigida a la Organizaci\u00f3n de las Naciones Unidas (ONU) y a las grandes potencias mundiales.<\/p>\n<p>&nbsp;<\/p>\n<p>\u201cEs motivo de orgullo nacional ver a todos nuestros expresidentes y al presidente actual unidos en defensa de la soberan\u00eda. Esa carta firmada y enviada a la comunidad internacional representa un gesto patri\u00f3tico y un mensaje claro de unidad institucional\u201d, afirm\u00f3.<\/p>\n<p>&nbsp;<\/p>\n<p>El dirigente pol\u00edtico tambi\u00e9n valor\u00f3 positivamente el proceso democr\u00e1tico interno del PRM, resaltando que todos los precandidatos y precandidatas del partido cuentan con gran capacidad y compromiso. \u201cLa clave del \u00e9xito est\u00e1 en la unidad. Todos los aspirantes tienen mucho que aportar, pero lo m\u00e1s importante es que trabajemos juntos por el pa\u00eds\u201d, se\u00f1al\u00f3.<\/p>\n<p>&nbsp;<\/p>\n<p>Hern\u00e1ndez record\u00f3 una an\u00e9cdota pol\u00edtica sobre el liderazgo del presidente Abinader: \u201cCuando Luis compiti\u00f3 con Hip\u00f3lito Mej\u00eda en la convenci\u00f3n de 2016, y le gan\u00f3, Hip\u00f3lito no dud\u00f3 en reconocerlo y decir \u2018vamos a trabajar juntos para lograr el poder\u2019. Esa actitud unificadora es la que ha fortalecido al PRM\u201d, expres\u00f3.<\/p>\n<p>&nbsp;<\/p>\n<p>Asimismo, reafirm\u00f3 el compromiso del movimiento Poder P\u2019AL Pueblo con la gesti\u00f3n del presidente Abinader, asegurando que est\u00e1n enfocados en defender, promover y dar a conocer los logros del gobierno en todo el territorio nacional.<\/p>\n<p>&nbsp;<\/p>\n<p>\u201cEl presidente Abinader ha demostrado ser un l\u00edder firme, transparente y visionario. Desde nuestro movimiento seguiremos respaldando su labor y consolidando el apoyo popular para que contin\u00fae dirigiendo el rumbo del pa\u00eds\u201d, enfatiz\u00f3.<\/p>\n<p>&nbsp;<\/p>\n<p>En cuanto al sector agropecuario, Hern\u00e1ndez Alberto reconoci\u00f3 los avances del gobierno, pero tambi\u00e9n se\u00f1al\u00f3 la necesidad de acelerar transformaciones clave. \u201cEl campo va bien, pero ya es tiempo de hacer ajustes que potencien la producci\u00f3n, la rentabilidad y el bienestar de los productores\u201d, explic\u00f3.<\/p>\n<p>&nbsp;<\/p>\n<p>Finalmente, hizo un llamado a todos los dominicanos y dominicanas a mantener el esp\u00edritu de unidad, cooperaci\u00f3n y defensa de los intereses nacionales frente a los desaf\u00edos regionales y globales.<\/p>\n<p>&nbsp;<\/p>\n<p>\u201cLa Rep\u00fablica Dominicana necesita hoy m\u00e1s que nunca una ciudadan\u00eda unida, con conciencia y con compromiso patri\u00f3tico. Y esa ser\u00e1 siempre nuestra bandera\u201d, concluy\u00f3.<img loading=\"lazy\" decoding=\"async\" class=\"size-medium wp-image-3397 alignright\" src=\"https:\/\/periodicolarepublica.com\/wp-content\/uploads\/2025\/06\/IMG_20250608_085855-300x181.jpg\" alt=\"\" width=\"300\" height=\"181\" srcset=\"https:\/\/periodicolarepublica.com\/wp-content\/uploads\/2025\/06\/IMG_20250608_085855-300x181.jpg?v=1749388444 300w, https:\/\/periodicolarepublica.com\/wp-content\/uploads\/2025\/06\/IMG_20250608_085855-1024x617.jpg?v=1749388444 1024w, https:\/\/periodicolarepublica.com\/wp-content\/uploads\/2025\/06\/IMG_20250608_085855-768x463.jpg?v=1749388444 768w, https:\/\/periodicolarepublica.com\/wp-content\/uploads\/2025\/06\/IMG_20250608_085855-1536x925.jpg?v=1749388444 1536w, https:\/\/periodicolarepublica.com\/wp-content\/uploads\/2025\/06\/IMG_20250608_085855-2048x1234.jpg?v=1749388444 2048w, https:\/\/periodicolarepublica.com\/wp-content\/uploads\/2025\/06\/IMG_20250608_085855-150x90.jpg?v=1749388444 150w, https:\/\/periodicolarepublica.com\/wp-content\/uploads\/2025\/06\/IMG_20250608_085855-600x362.jpg?v=1749388444 600w, https:\/\/periodicolarepublica.com\/wp-content\/uploads\/2025\/06\/IMG_20250608_085855-696x419.jpg?v=1749388444 696w, https:\/\/periodicolarepublica.com\/wp-content\/uploads\/2025\/06\/IMG_20250608_085855-1392x839.jpg?v=1749388444 1392w, https:\/\/periodicolarepublica.com\/wp-content\/uploads\/2025\/06\/IMG_20250608_085855-1068x643.jpg?v=1749388444 1068w, https:\/\/periodicolarepublica.com\/wp-content\/uploads\/2025\/06\/IMG_20250608_085855-1920x1157.jpg?v=1749388444 1920w\" sizes=\"auto, (max-width: 300px) 100vw, 300px\" \/><\/p>\n","protected":false},"excerpt":{"rendered":"<p>Santo Domingo \u2013 El ingeniero Tom\u00e1s Hern\u00e1ndez Alberto, destacado miembro del Partido Revolucionario Moderno (PRM) y presidente del movimiento Poder P&#8217;AL Pueblo, destac\u00f3 la importancia hist\u00f3rica del momento que vive la Rep\u00fablica Dominicana con la unidad de sus l\u00edderes en defensa de la soberan\u00eda nacional, especialmente en torno a la crisis haitiana. &nbsp; Durante su [&hellip;]<\/p>\n","protected":false},"author":10,"featured_media":3397,"comment_status":"open","ping_status":"open","sticky":false,"template":"","format":"standard","meta":{"om_disable_all_campaigns":false,"_monsterinsights_skip_tracking":false,"_monsterinsights_sitenote_active":false,"_monsterinsights_sitenote_note":"","_monsterinsights_sitenote_category":0,"footnotes":""},"categories":[1],"tags":[163],"class_list":{"0":"post-3396","1":"post","2":"type-post","3":"status-publish","4":"format-standard","5":"has-post-thumbnail","7":"category-nacionales","8":"tag-tomas-hernandez-alberto"},"aioseo_notices":[],"_links":{"self":[{"href":"https:\/\/periodicolarepublica.com\/index.php\/wp-json\/wp\/v2\/posts\/3396","targetHints":{"allow":["GET"]}}],"collection":[{"href":"https:\/\/periodicolarepublica.com\/index.php\/wp-json\/wp\/v2\/posts"}],"about":[{"href":"https:\/\/periodicolarepublica.com\/index.php\/wp-json\/wp\/v2\/types\/post"}],"author":[{"embeddable":true,"href":"https:\/\/periodicolarepublica.com\/index.php\/wp-json\/wp\/v2\/users\/10"}],"replies":[{"embeddable":true,"href":"https:\/\/periodicolarepublica.com\/index.php\/wp-json\/wp\/v2\/comments?post=3396"}],"version-history":[{"count":1,"href":"https:\/\/periodicolarepublica.com\/index.php\/wp-json\/wp\/v2\/posts\/3396\/revisions"}],"predecessor-version":[{"id":3398,"href":"https:\/\/periodicolarepublica.com\/index.php\/wp-json\/wp\/v2\/posts\/3396\/revisions\/3398"}],"wp:featuredmedia":[{"embeddable":true,"href":"https:\/\/periodicolarepublica.com\/index.php\/wp-json\/wp\/v2\/media\/3397"}],"wp:attachment":[{"href":"https:\/\/periodicolarepublica.com\/index.php\/wp-json\/wp\/v2\/media?parent=3396"}],"wp:term":[{"taxonomy":"category","embeddable":true,"href":"https:\/\/periodicolarepublica.com\/index.php\/wp-json\/wp\/v2\/categories?post=3396"},{"taxonomy":"post_tag","embeddable":true,"href":"https:\/\/periodicolarepublica.com\/index.php\/wp-json\/wp\/v2\/tags?post=3396"}],"curies":[{"name":"wp","href":"https:\/\/api.w.org\/{rel}","templated":true}]}}