{"id":3399,"date":"2025-06-08T18:38:07","date_gmt":"2025-06-08T16:38:07","guid":{"rendered":"https:\/\/periodicolarepublica.com\/?p=3399"},"modified":"2025-06-08T18:38:07","modified_gmt":"2025-06-08T16:38:07","slug":"el-frente-de-mujeres-municipal-de-san-juan-de-la-maguana-celebra-con-alegria-y-solidaridad-el-dia-de-las-madres","status":"publish","type":"post","link":"https:\/\/periodicolarepublica.com\/index.php\/2025\/06\/08\/el-frente-de-mujeres-municipal-de-san-juan-de-la-maguana-celebra-con-alegria-y-solidaridad-el-dia-de-las-madres\/","title":{"rendered":"El Frente de Mujeres Municipal de San Juan de la Maguana celebra con alegr\u00eda y solidaridad el D\u00eda de las Madres"},"content":{"rendered":"<p>San Juan de la Maguana, R.D. \u2013 En un ambiente de entusiasmo, gratitud y unidad, el Frente de Mujeres Municipal de San Juan de la Maguana celebr\u00f3 este Domingo el D\u00eda de las Madres, honrando a cientos de mujeres luchadoras de la provincia con un emotivo acto cargado de sorpresas, regalos, rifas, almuerzo y muestras de cari\u00f1o.<\/p>\n<p>La actividad fue encabezada por la coordinadora del frente, Fanny B\u00e1ez, quien tambi\u00e9n funge como secretaria general, y la directora de finanzas Rossy S\u00e1nchez, contando con el valioso respaldo del empresario Edwin Casares, estuvo present\u00e9. Entre tanto la se\u00f1ora Fanny B\u00e1ez, en representaci\u00f3n de Carolina Mej\u00eda.<img loading=\"lazy\" decoding=\"async\" class=\"size-medium wp-image-3401 alignright\" src=\"https:\/\/periodicolarepublica.com\/wp-content\/uploads\/2025\/06\/IMG-20250608-WA0357-234x300.jpg\" alt=\"\" width=\"234\" height=\"300\" \/><\/p>\n<p>Durante el evento, se comparti\u00f3 un c\u00e1lido mensaje enviado por la alcaldesa Mej\u00eda, en el que expres\u00f3 su admiraci\u00f3n y felicitaciones a todas las madres sanjuaneras:<br \/>\n\u00abFelicidades a todas esas mujeres valiosas y luchadoras que con amor y esfuerzo son el pilar de sus familias. Que el Se\u00f1or las bendiga siempre y les contin\u00fae dando fuerzas para seguir adelante.\u00bb<\/p>\n<p>La jornada fue una muestra del compromiso del Frente de Mujeres con el bienestar y reconocimiento de las madres de la provincia, destacando su rol fundamental en el desarrollo social y comunitario.<img loading=\"lazy\" decoding=\"async\" class=\"size-medium wp-image-3400 alignright\" src=\"https:\/\/periodicolarepublica.com\/wp-content\/uploads\/2025\/06\/IMG-20250608-WA0358-272x300.jpg\" alt=\"\" width=\"272\" height=\"300\" \/><\/p>\n<p>Con este tipo de iniciativas, el Frente reafirma su misi\u00f3n de promover espacios de encuentro, apoyo y empoderamiento para todas las mujeres de San Juan.<\/p>\n","protected":false},"excerpt":{"rendered":"<p>San Juan de la Maguana, R.D. \u2013 En un ambiente de entusiasmo, gratitud y unidad, el Frente de Mujeres Municipal de San Juan de la Maguana celebr\u00f3 este Domingo el D\u00eda de las Madres, honrando a cientos de mujeres luchadoras de la provincia con un emotivo acto cargado de sorpresas, regalos, rifas, almuerzo y muestras [&hellip;]<\/p>\n","protected":false},"author":10,"featured_media":0,"comment_status":"open","ping_status":"open","sticky":false,"template":"","format":"standard","meta":{"om_disable_all_campaigns":false,"_monsterinsights_skip_tracking":false,"_monsterinsights_sitenote_active":false,"_monsterinsights_sitenote_note":"","_monsterinsights_sitenote_category":0,"footnotes":""},"categories":[1],"tags":[],"class_list":{"0":"post-3399","1":"post","2":"type-post","3":"status-publish","4":"format-standard","6":"category-nacionales"},"aioseo_notices":[],"_links":{"self":[{"href":"https:\/\/periodicolarepublica.com\/index.php\/wp-json\/wp\/v2\/posts\/3399","targetHints":{"allow":["GET"]}}],"collection":[{"href":"https:\/\/periodicolarepublica.com\/index.php\/wp-json\/wp\/v2\/posts"}],"about":[{"href":"https:\/\/periodicolarepublica.com\/index.php\/wp-json\/wp\/v2\/types\/post"}],"author":[{"embeddable":true,"href":"https:\/\/periodicolarepublica.com\/index.php\/wp-json\/wp\/v2\/users\/10"}],"replies":[{"embeddable":true,"href":"https:\/\/periodicolarepublica.com\/index.php\/wp-json\/wp\/v2\/comments?post=3399"}],"version-history":[{"count":1,"href":"https:\/\/periodicolarepublica.com\/index.php\/wp-json\/wp\/v2\/posts\/3399\/revisions"}],"predecessor-version":[{"id":3402,"href":"https:\/\/periodicolarepublica.com\/index.php\/wp-json\/wp\/v2\/posts\/3399\/revisions\/3402"}],"wp:attachment":[{"href":"https:\/\/periodicolarepublica.com\/index.php\/wp-json\/wp\/v2\/media?parent=3399"}],"wp:term":[{"taxonomy":"category","embeddable":true,"href":"https:\/\/periodicolarepublica.com\/index.php\/wp-json\/wp\/v2\/categories?post=3399"},{"taxonomy":"post_tag","embeddable":true,"href":"https:\/\/periodicolarepublica.com\/index.php\/wp-json\/wp\/v2\/tags?post=3399"}],"curies":[{"name":"wp","href":"https:\/\/api.w.org\/{rel}","templated":true}]}}