{"id":3406,"date":"2025-06-09T17:25:38","date_gmt":"2025-06-09T15:25:38","guid":{"rendered":"https:\/\/periodicolarepublica.com\/?p=3406"},"modified":"2025-06-09T17:25:38","modified_gmt":"2025-06-09T15:25:38","slug":"ceo-productora-y-directora-de-medios-internacionales","status":"publish","type":"post","link":"https:\/\/periodicolarepublica.com\/index.php\/2025\/06\/09\/ceo-productora-y-directora-de-medios-internacionales\/","title":{"rendered":"CEO, Productora y Directora de Medios Internacionales"},"content":{"rendered":"<p>Abigail Tobar es una destacada l\u00edder en la industria musical y medi\u00e1tica, reconocida por su visi\u00f3n innovadora y su capacidad para dirigir campa\u00f1as art\u00edsticas de alto impacto a nivel global. Actualmente, encabeza la iniciativa internacional \u00abAlza Tu Voz\u00bb, una poderosa campa\u00f1a que transmite un mensaje de esperanza al mundo a trav\u00e9s del arte y la m\u00fasica.<\/p>\n<p>&nbsp;<\/p>\n<p>Con el inminente lanzamiento de la sexta producci\u00f3n de Alza Tu Voz, Abigail contin\u00faa su labor de concienciaci\u00f3n global. Estas producciones re\u00fanen a artistas de distintos pa\u00edses y g\u00e9neros musicales en fusiones \u00fanicas que cruzan fronteras culturales y estil\u00edsticas.<\/p>\n<p>&nbsp;<\/p>\n<p>Como CEO, est\u00e1 al frente de una s\u00f3lida red de medios internacionales que abarca televisi\u00f3n, radio, prensa escrita y digital. Gracias a su liderazgo estrat\u00e9gico, ha logrado forjar alianzas clave entre diversas plataformas, generando una sinergia medi\u00e1tica de amplio alcance. Entre los proyectos que dirige se encuentran:<\/p>\n<p>&nbsp;<\/p>\n<p>RadioTV Difusi\u00f3n Internacional<\/p>\n<p>&nbsp;<\/p>\n<p>ChekaloTV Entertainment<\/p>\n<p>&nbsp;<\/p>\n<p>Artistas por el Mundo<\/p>\n<p>&nbsp;<\/p>\n<p>Alza Tu Voz<\/p>\n<p>&nbsp;<\/p>\n<p>&nbsp;<\/p>\n<p>Adem\u00e1s, lidera RDMI, un medio especializado en noticias y sucesos internacionales, y Ditokado KF, plataforma dedicada a la producci\u00f3n de campa\u00f1as art\u00edsticas, casting y eventos culturales.<\/p>\n<p>&nbsp;<\/p>\n<p>Abigail Tobar afirma que su principal objetivo es innovar el mercado medi\u00e1tico y art\u00edstico, respaldada por un equipo profesional, creativo y comprometido. Conocida cari\u00f1osamente como Abby, expresa con humildad que ha sido Dios quien le ha dado la fuerza y la sabidur\u00eda para asumir grandes retos y transformar alianzas en realidades.<\/p>\n<p>&nbsp;<\/p>\n<p>Carism\u00e1tica, apasionada por los desaf\u00edos y siempre dispuesta a colaborar, Abigail se destaca por su apoyo constante a talentos emergentes. Su compromiso con el arte y la cultura se refleja cada a\u00f1o en la entrega del Reconocimiento Internacional Awards Ditokado KF, un galard\u00f3n que honra la trayectoria de medios globales, periodistas, radios, televisiones y profesionales del \u00e1mbito art\u00edstico.<\/p>\n<p>&nbsp;<\/p>\n<p>Tambi\u00e9n ha sido merecedora de m\u00faltiples premios y reconocimientos en diversos pa\u00edses por su incansable labor y liderazgo.<\/p>\n<p>&nbsp;<\/p>\n<p>Su lema, que la acompa\u00f1a siempre, es claro y poderoso:<\/p>\n<p>&nbsp;<\/p>\n<p>\u00abUnidos somos m\u00e1s, y tomados de la mano de Dios, todo es bendici\u00f3n.\u00bb<img loading=\"lazy\" decoding=\"async\" class=\"size-medium wp-image-3407 alignright\" src=\"https:\/\/periodicolarepublica.com\/wp-content\/uploads\/2025\/06\/IMG-20250609-WA0343-207x300.jpg\" alt=\"\" width=\"207\" height=\"300\" \/><\/p>\n","protected":false},"excerpt":{"rendered":"<p>Abigail Tobar es una destacada l\u00edder en la industria musical y medi\u00e1tica, reconocida por su visi\u00f3n innovadora y su capacidad para dirigir campa\u00f1as art\u00edsticas de alto impacto a nivel global. Actualmente, encabeza la iniciativa internacional \u00abAlza Tu Voz\u00bb, una poderosa campa\u00f1a que transmite un mensaje de esperanza al mundo a trav\u00e9s del arte y la [&hellip;]<\/p>\n","protected":false},"author":10,"featured_media":0,"comment_status":"open","ping_status":"open","sticky":false,"template":"","format":"standard","meta":{"om_disable_all_campaigns":false,"_monsterinsights_skip_tracking":false,"_monsterinsights_sitenote_active":false,"_monsterinsights_sitenote_note":"","_monsterinsights_sitenote_category":0,"footnotes":""},"categories":[1],"tags":[],"class_list":{"0":"post-3406","1":"post","2":"type-post","3":"status-publish","4":"format-standard","6":"category-nacionales"},"aioseo_notices":[],"_links":{"self":[{"href":"https:\/\/periodicolarepublica.com\/index.php\/wp-json\/wp\/v2\/posts\/3406","targetHints":{"allow":["GET"]}}],"collection":[{"href":"https:\/\/periodicolarepublica.com\/index.php\/wp-json\/wp\/v2\/posts"}],"about":[{"href":"https:\/\/periodicolarepublica.com\/index.php\/wp-json\/wp\/v2\/types\/post"}],"author":[{"embeddable":true,"href":"https:\/\/periodicolarepublica.com\/index.php\/wp-json\/wp\/v2\/users\/10"}],"replies":[{"embeddable":true,"href":"https:\/\/periodicolarepublica.com\/index.php\/wp-json\/wp\/v2\/comments?post=3406"}],"version-history":[{"count":1,"href":"https:\/\/periodicolarepublica.com\/index.php\/wp-json\/wp\/v2\/posts\/3406\/revisions"}],"predecessor-version":[{"id":3408,"href":"https:\/\/periodicolarepublica.com\/index.php\/wp-json\/wp\/v2\/posts\/3406\/revisions\/3408"}],"wp:attachment":[{"href":"https:\/\/periodicolarepublica.com\/index.php\/wp-json\/wp\/v2\/media?parent=3406"}],"wp:term":[{"taxonomy":"category","embeddable":true,"href":"https:\/\/periodicolarepublica.com\/index.php\/wp-json\/wp\/v2\/categories?post=3406"},{"taxonomy":"post_tag","embeddable":true,"href":"https:\/\/periodicolarepublica.com\/index.php\/wp-json\/wp\/v2\/tags?post=3406"}],"curies":[{"name":"wp","href":"https:\/\/api.w.org\/{rel}","templated":true}]}}