{"id":3409,"date":"2025-06-12T18:48:03","date_gmt":"2025-06-12T16:48:03","guid":{"rendered":"https:\/\/periodicolarepublica.com\/?p=3409"},"modified":"2025-06-12T18:48:03","modified_gmt":"2025-06-12T16:48:03","slug":"alcaldia-de-lawrence-reconoce-a-victor-pacheco-mendez-por-aportes-en-aviacion-dominicana","status":"publish","type":"post","link":"https:\/\/periodicolarepublica.com\/index.php\/2025\/06\/12\/alcaldia-de-lawrence-reconoce-a-victor-pacheco-mendez-por-aportes-en-aviacion-dominicana\/","title":{"rendered":"Alcald\u00eda de Lawrence reconoce a Victor Pacheco M\u00e9ndez por aportes en aviaci\u00f3n dominicana"},"content":{"rendered":"<p>Comunidad dominicana en Massachusetts recibe con entusiasmo anuncio de vuelo directo entre Boston y Santo Domingo<\/p>\n<p>Lawrence, MA. 12 de junio de 2025 \u2013 En un evento celebrado en la alcald\u00eda de la ciudad de Lawrence, Massachusetts, el alcalde Bryan A. De Pe\u00f1a, otorg\u00f3 un reconocimiento como ciudadano destacado a V\u00edctor Pacheco M\u00e9ndez, CEO y fundador de la aerol\u00ednea dominicana Arajet.<\/p>\n<p>La proclama fue aprobada por el concejo de ediles de la ciudad y reconoce a Pachecho M\u00e9ndez por sus valiosos aportes al desarrollo de la aviaci\u00f3n en la Rep\u00fablica Dominicana, los cuales ser\u00e1n de gran beneficio para la comunidad de dominicanos en el extranjero.<\/p>\n<p>La ceremonia, la cual cont\u00f3 con la presencia de varios concejales, representantes del sector privado, medios de comunicaci\u00f3n, funcionarios municipales y ejecutivos de Araj<img loading=\"lazy\" decoding=\"async\" class=\"alignnone size-medium wp-image-3410\" src=\"https:\/\/periodicolarepublica.com\/wp-content\/uploads\/2025\/06\/Victo-Pacheco-y-Brian-A-de-Pena-Principal-300x200.jpg\" alt=\"\" width=\"300\" height=\"200\" srcset=\"https:\/\/periodicolarepublica.com\/wp-content\/uploads\/2025\/06\/Victo-Pacheco-y-Brian-A-de-Pena-Principal-300x200.jpg 300w, https:\/\/periodicolarepublica.com\/wp-content\/uploads\/2025\/06\/Victo-Pacheco-y-Brian-A-de-Pena-Principal-768x512.jpg 768w, https:\/\/periodicolarepublica.com\/wp-content\/uploads\/2025\/06\/Victo-Pacheco-y-Brian-A-de-Pena-Principal-150x100.jpg 150w, https:\/\/periodicolarepublica.com\/wp-content\/uploads\/2025\/06\/Victo-Pacheco-y-Brian-A-de-Pena-Principal-600x400.jpg 600w, https:\/\/periodicolarepublica.com\/wp-content\/uploads\/2025\/06\/Victo-Pacheco-y-Brian-A-de-Pena-Principal-696x464.jpg 696w, https:\/\/periodicolarepublica.com\/wp-content\/uploads\/2025\/06\/Victo-Pacheco-y-Brian-A-de-Pena-Principal.jpg 1024w\" sizes=\"auto, (max-width: 300px) 100vw, 300px\" \/>et, fue celebrada con el objetivo de fortalecer los lazos de cooperaci\u00f3n e impulsar iniciativas de desarrollo conjunto entre la ciudad y la aerol\u00ednea.<\/p>\n<p>&nbsp;<\/p>\n","protected":false},"excerpt":{"rendered":"<p>Comunidad dominicana en Massachusetts recibe con entusiasmo anuncio de vuelo directo entre Boston y Santo Domingo Lawrence, MA. 12 de junio de 2025 \u2013 En un evento celebrado en la alcald\u00eda de la ciudad de Lawrence, Massachusetts, el alcalde Bryan A. De Pe\u00f1a, otorg\u00f3 un reconocimiento como ciudadano destacado a V\u00edctor Pacheco M\u00e9ndez, CEO y [&hellip;]<\/p>\n","protected":false},"author":6,"featured_media":3410,"comment_status":"open","ping_status":"open","sticky":false,"template":"","format":"standard","meta":{"om_disable_all_campaigns":false,"_monsterinsights_skip_tracking":false,"_monsterinsights_sitenote_active":false,"_monsterinsights_sitenote_note":"","_monsterinsights_sitenote_category":0,"footnotes":""},"categories":[1],"tags":[],"class_list":{"0":"post-3409","1":"post","2":"type-post","3":"status-publish","4":"format-standard","5":"has-post-thumbnail","7":"category-nacionales"},"aioseo_notices":[],"_links":{"self":[{"href":"https:\/\/periodicolarepublica.com\/index.php\/wp-json\/wp\/v2\/posts\/3409","targetHints":{"allow":["GET"]}}],"collection":[{"href":"https:\/\/periodicolarepublica.com\/index.php\/wp-json\/wp\/v2\/posts"}],"about":[{"href":"https:\/\/periodicolarepublica.com\/index.php\/wp-json\/wp\/v2\/types\/post"}],"author":[{"embeddable":true,"href":"https:\/\/periodicolarepublica.com\/index.php\/wp-json\/wp\/v2\/users\/6"}],"replies":[{"embeddable":true,"href":"https:\/\/periodicolarepublica.com\/index.php\/wp-json\/wp\/v2\/comments?post=3409"}],"version-history":[{"count":1,"href":"https:\/\/periodicolarepublica.com\/index.php\/wp-json\/wp\/v2\/posts\/3409\/revisions"}],"predecessor-version":[{"id":3411,"href":"https:\/\/periodicolarepublica.com\/index.php\/wp-json\/wp\/v2\/posts\/3409\/revisions\/3411"}],"wp:featuredmedia":[{"embeddable":true,"href":"https:\/\/periodicolarepublica.com\/index.php\/wp-json\/wp\/v2\/media\/3410"}],"wp:attachment":[{"href":"https:\/\/periodicolarepublica.com\/index.php\/wp-json\/wp\/v2\/media?parent=3409"}],"wp:term":[{"taxonomy":"category","embeddable":true,"href":"https:\/\/periodicolarepublica.com\/index.php\/wp-json\/wp\/v2\/categories?post=3409"},{"taxonomy":"post_tag","embeddable":true,"href":"https:\/\/periodicolarepublica.com\/index.php\/wp-json\/wp\/v2\/tags?post=3409"}],"curies":[{"name":"wp","href":"https:\/\/api.w.org\/{rel}","templated":true}]}}