{"id":341,"date":"2024-01-19T16:32:27","date_gmt":"2024-01-19T15:32:27","guid":{"rendered":"https:\/\/periodicolarepublica.com\/?p=341"},"modified":"2024-01-19T16:32:27","modified_gmt":"2024-01-19T15:32:27","slug":"mision-diplomatica-dominicana-en-un-rol-preponderante-por-la-democracia-en-toma-de-mando-presidencial-de-guatemala","status":"publish","type":"post","link":"https:\/\/periodicolarepublica.com\/index.php\/2024\/01\/19\/mision-diplomatica-dominicana-en-un-rol-preponderante-por-la-democracia-en-toma-de-mando-presidencial-de-guatemala\/","title":{"rendered":"Misi\u00f3n Diplom\u00e1tica Dominicana en un rol preponderante por la democracia en toma de mando presidencial de Guatemala\u00a0"},"content":{"rendered":"<p><img loading=\"lazy\" decoding=\"async\" class=\"alignnone size-medium wp-image-342\" src=\"https:\/\/periodicolarepublica.com\/wp-content\/uploads\/2024\/01\/IMG-20240119-WA0022-300x169.jpg\" alt=\"\" width=\"300\" height=\"169\" srcset=\"https:\/\/periodicolarepublica.com\/wp-content\/uploads\/2024\/01\/IMG-20240119-WA0022-300x169.jpg?v=1715379826 300w, https:\/\/periodicolarepublica.com\/wp-content\/uploads\/2024\/01\/IMG-20240119-WA0022-1024x576.jpg?v=1715379826 1024w, https:\/\/periodicolarepublica.com\/wp-content\/uploads\/2024\/01\/IMG-20240119-WA0022-768x432.jpg?v=1715379826 768w, https:\/\/periodicolarepublica.com\/wp-content\/uploads\/2024\/01\/IMG-20240119-WA0022-1536x864.jpg?v=1715379826 1536w, https:\/\/periodicolarepublica.com\/wp-content\/uploads\/2024\/01\/IMG-20240119-WA0022-150x84.jpg?v=1715379826 150w, https:\/\/periodicolarepublica.com\/wp-content\/uploads\/2024\/01\/IMG-20240119-WA0022-600x338.jpg?v=1715379826 600w, https:\/\/periodicolarepublica.com\/wp-content\/uploads\/2024\/01\/IMG-20240119-WA0022-696x392.jpg?v=1715379826 696w, https:\/\/periodicolarepublica.com\/wp-content\/uploads\/2024\/01\/IMG-20240119-WA0022-1392x783.jpg?v=1715379826 1392w, https:\/\/periodicolarepublica.com\/wp-content\/uploads\/2024\/01\/IMG-20240119-WA0022-1068x601.jpg?v=1715379826 1068w, https:\/\/periodicolarepublica.com\/wp-content\/uploads\/2024\/01\/IMG-20240119-WA0022.jpg?v=1715379826 1600w\" sizes=\"auto, (max-width: 300px) 100vw, 300px\" \/><\/p>\n<p><!--more--> Rep\u00fablica Dominicana, representada por su canciller Roberto \u00c1lvarez, tuvo una importante participaci\u00f3n en la toma de posesi\u00f3n presidencial de Guatemala el pasado 14 de enero de 2024. Durante el evento, \u00c1lvarez junto a Josu\u00e9 Fiallo y otros representantes y presidentes presentes realizaron una declaraci\u00f3n de manifiesto de apoyo a la democracia, en medio de tensiones en el proceso de actos de toma de mando, con retrasos significativos.<\/p>\n<p>La presencia de Roberto \u00c1lvarez en esta ceremonia es un reconocimiento a la importancia de Rep\u00fablica Dominicana en el \u00e1mbito regional y al liderazgo que el pa\u00eds ha demostrado en la defensa de los valores democr\u00e1ticos, asi tambi\u00e9n ya lo habia expresado el presidente dominicano Luis Abinader, cuando recibi\u00f3 a Bernardo Ar\u00e9valo en el palacio presidencial donde externo que contaba con su apoyo y el respeto a la democracia.<\/p>\n<p>La declaraci\u00f3n de manifiesto de apoyo a la democracia fue un\u00a0 mensaje claro en contra de cualquier forma de autoritarismo y un respaldo a los procesos democr\u00e1ticos en Guatemala y en toda la regi\u00f3n, convocado por la canciller\u00eda con sus hom\u00f3logos presentes y con la presencia de los presidentes de Costa Rica y Paraguay Esto muestra la solidaridad de Rep\u00fablica Dominicana y su compromiso con la defensa de los derechos humanos y la gobernanza democr\u00e1tica.<\/p>\n<p>La presencia de \u00c1lvarez y la declaraci\u00f3n de apoyo a la democracia muestran el papel relevante que Rep\u00fablica Dominicana tiene en la promoci\u00f3n y fortalecimiento de la democracia en Am\u00e9rica Latina. Adem\u00e1s, refuerza las relaciones diplom\u00e1ticas y la cooperaci\u00f3n entre Rep\u00fablica Dominicana y Guatemala, as\u00ed como con los dem\u00e1s pa\u00edses representados en la toma de posesi\u00f3n presidencial.<\/p>\n<p>Las acciones llevadas a cabo, se dieron despu\u00e9s de verse situaciones que rompieron la continuidad de los actos establecidos, y teniendo que esperarse hasta la madrugada su conclusi\u00f3n.<\/p>\n<p>En resumen, la presencia del canciller Roberto \u00c1lvarez en la toma de posesi\u00f3n presidencial de Guatemala y la declaraci\u00f3n de manifiesto de apoyo a la democracia refuerzan la importancia de Rep\u00fablica Dominicana en el \u00e1mbito regional y su compromiso con la defensa de los principios democr\u00e1ticos en la regi\u00f3n.<\/p>\n<p>La toma de posesi\u00f3n presidencial de Guatemala cont\u00f3 con la presencia de M\u00e1ximo Mi\u00f1oso, director de este medio Periodico La Rep\u00fablica, llevando todas las incidencias desde el lugar de los hechos.<\/p>\n","protected":false},"excerpt":{"rendered":"","protected":false},"author":1,"featured_media":342,"comment_status":"open","ping_status":"open","sticky":false,"template":"","format":"standard","meta":{"om_disable_all_campaigns":false,"_monsterinsights_skip_tracking":false,"_monsterinsights_sitenote_active":false,"_monsterinsights_sitenote_note":"","_monsterinsights_sitenote_category":0,"footnotes":""},"categories":[1],"tags":[83,82,85,84],"class_list":{"0":"post-341","1":"post","2":"type-post","3":"status-publish","4":"format-standard","5":"has-post-thumbnail","7":"category-nacionales","8":"tag-bernardo-arevalo","9":"tag-guatemala","10":"tag-luis-abinader","11":"tag-roberto-alvarez"},"aioseo_notices":[],"_links":{"self":[{"href":"https:\/\/periodicolarepublica.com\/index.php\/wp-json\/wp\/v2\/posts\/341","targetHints":{"allow":["GET"]}}],"collection":[{"href":"https:\/\/periodicolarepublica.com\/index.php\/wp-json\/wp\/v2\/posts"}],"about":[{"href":"https:\/\/periodicolarepublica.com\/index.php\/wp-json\/wp\/v2\/types\/post"}],"author":[{"embeddable":true,"href":"https:\/\/periodicolarepublica.com\/index.php\/wp-json\/wp\/v2\/users\/1"}],"replies":[{"embeddable":true,"href":"https:\/\/periodicolarepublica.com\/index.php\/wp-json\/wp\/v2\/comments?post=341"}],"version-history":[{"count":1,"href":"https:\/\/periodicolarepublica.com\/index.php\/wp-json\/wp\/v2\/posts\/341\/revisions"}],"predecessor-version":[{"id":343,"href":"https:\/\/periodicolarepublica.com\/index.php\/wp-json\/wp\/v2\/posts\/341\/revisions\/343"}],"wp:featuredmedia":[{"embeddable":true,"href":"https:\/\/periodicolarepublica.com\/index.php\/wp-json\/wp\/v2\/media\/342"}],"wp:attachment":[{"href":"https:\/\/periodicolarepublica.com\/index.php\/wp-json\/wp\/v2\/media?parent=341"}],"wp:term":[{"taxonomy":"category","embeddable":true,"href":"https:\/\/periodicolarepublica.com\/index.php\/wp-json\/wp\/v2\/categories?post=341"},{"taxonomy":"post_tag","embeddable":true,"href":"https:\/\/periodicolarepublica.com\/index.php\/wp-json\/wp\/v2\/tags?post=341"}],"curies":[{"name":"wp","href":"https:\/\/api.w.org\/{rel}","templated":true}]}}