{"id":3420,"date":"2025-06-17T12:34:07","date_gmt":"2025-06-17T10:34:07","guid":{"rendered":"https:\/\/periodicolarepublica.com\/?p=3420"},"modified":"2025-06-17T12:34:07","modified_gmt":"2025-06-17T10:34:07","slug":"david-collado-inaugura-vuelo-a-nueva-york-de-arajet","status":"publish","type":"post","link":"https:\/\/periodicolarepublica.com\/index.php\/2025\/06\/17\/david-collado-inaugura-vuelo-a-nueva-york-de-arajet\/","title":{"rendered":"David Collado inaugura vuelo a Nueva York de Arajet"},"content":{"rendered":"<p>&nbsp;<\/p>\n<p>La nueva ruta, con frecuencia diaria, ofrece m\u00e1s opciones y mayor conectividad entre EE. UU. y el Caribe<\/p>\n<p>Newark, New Jersey. &#8211; El ministro de Turismo, David Collado, inaugur\u00f3 este lunes el primer vuelo de la aerol\u00ednea Arejet que conecta Santo Domingo con las ciudades de estadounidenses de Nueva York y Newark, convirti\u00e9ndose as\u00ed en la primera l\u00ednea dominicana que hace esa conexi\u00f3n en los \u00faltimos 30 a\u00f1os.<\/p>\n<p>El vuelo DM 2310 con 185 pasajeros lleg\u00f3 a las 10:30 de la ma\u00f1ana, encabezado por el ministro de Turismo de Rep\u00fablica Dominicana, David Collado; el director del Instituto Dominicano de Aviaci\u00f3n Civil, Igor Rodr\u00edguez y el fundador y CEO de Arajet, V\u00edctor Pacheco, quienes levantaron las banderas de Rep\u00fablica Dominicana y Nueva Jersey desde la cabina de pilotos como s\u00edmbolo de conquista de este nuevo destino en la red de la aerol\u00ednea, que se convierte en el tercero en Estados Unidos, junto con Miami (MIA) y San Juan (SJU), y el vig\u00e9simo octavo en todo el continente americano.<\/p>\n<p><img loading=\"lazy\" decoding=\"async\" class=\"alignnone size-medium wp-image-3387\" src=\"https:\/\/periodicolarepublica.com\/wp-content\/uploads\/2025\/06\/IMG_3765-scaled-e1750156437974-300x210.jpg\" alt=\"\" width=\"300\" height=\"210\" srcset=\"https:\/\/periodicolarepublica.com\/wp-content\/uploads\/2025\/06\/IMG_3765-scaled-e1750156437974-300x210.jpg 300w, https:\/\/periodicolarepublica.com\/wp-content\/uploads\/2025\/06\/IMG_3765-scaled-e1750156437974-150x105.jpg 150w, https:\/\/periodicolarepublica.com\/wp-content\/uploads\/2025\/06\/IMG_3765-scaled-e1750156437974-100x70.jpg 100w, https:\/\/periodicolarepublica.com\/wp-content\/uploads\/2025\/06\/IMG_3765-scaled-e1750156437974-200x140.jpg 200w, https:\/\/periodicolarepublica.com\/wp-content\/uploads\/2025\/06\/IMG_3765-scaled-e1750156437974.jpg 305w\" sizes=\"auto, (max-width: 300px) 100vw, 300px\" \/><\/p>\n","protected":false},"excerpt":{"rendered":"<p>&nbsp; La nueva ruta, con frecuencia diaria, ofrece m\u00e1s opciones y mayor conectividad entre EE. UU. y el Caribe Newark, New Jersey. &#8211; El ministro de Turismo, David Collado, inaugur\u00f3 este lunes el primer vuelo de la aerol\u00ednea Arejet que conecta Santo Domingo con las ciudades de estadounidenses de Nueva York y Newark, convirti\u00e9ndose as\u00ed [&hellip;]<\/p>\n","protected":false},"author":6,"featured_media":3387,"comment_status":"open","ping_status":"open","sticky":false,"template":"","format":"standard","meta":{"om_disable_all_campaigns":false,"_monsterinsights_skip_tracking":false,"_monsterinsights_sitenote_active":false,"_monsterinsights_sitenote_note":"","_monsterinsights_sitenote_category":0,"footnotes":""},"categories":[1],"tags":[],"class_list":{"0":"post-3420","1":"post","2":"type-post","3":"status-publish","4":"format-standard","5":"has-post-thumbnail","7":"category-nacionales"},"aioseo_notices":[],"_links":{"self":[{"href":"https:\/\/periodicolarepublica.com\/index.php\/wp-json\/wp\/v2\/posts\/3420","targetHints":{"allow":["GET"]}}],"collection":[{"href":"https:\/\/periodicolarepublica.com\/index.php\/wp-json\/wp\/v2\/posts"}],"about":[{"href":"https:\/\/periodicolarepublica.com\/index.php\/wp-json\/wp\/v2\/types\/post"}],"author":[{"embeddable":true,"href":"https:\/\/periodicolarepublica.com\/index.php\/wp-json\/wp\/v2\/users\/6"}],"replies":[{"embeddable":true,"href":"https:\/\/periodicolarepublica.com\/index.php\/wp-json\/wp\/v2\/comments?post=3420"}],"version-history":[{"count":1,"href":"https:\/\/periodicolarepublica.com\/index.php\/wp-json\/wp\/v2\/posts\/3420\/revisions"}],"predecessor-version":[{"id":3421,"href":"https:\/\/periodicolarepublica.com\/index.php\/wp-json\/wp\/v2\/posts\/3420\/revisions\/3421"}],"wp:featuredmedia":[{"embeddable":true,"href":"https:\/\/periodicolarepublica.com\/index.php\/wp-json\/wp\/v2\/media\/3387"}],"wp:attachment":[{"href":"https:\/\/periodicolarepublica.com\/index.php\/wp-json\/wp\/v2\/media?parent=3420"}],"wp:term":[{"taxonomy":"category","embeddable":true,"href":"https:\/\/periodicolarepublica.com\/index.php\/wp-json\/wp\/v2\/categories?post=3420"},{"taxonomy":"post_tag","embeddable":true,"href":"https:\/\/periodicolarepublica.com\/index.php\/wp-json\/wp\/v2\/tags?post=3420"}],"curies":[{"name":"wp","href":"https:\/\/api.w.org\/{rel}","templated":true}]}}