{"id":3422,"date":"2025-06-17T16:11:31","date_gmt":"2025-06-17T14:11:31","guid":{"rendered":"https:\/\/periodicolarepublica.com\/?p=3422"},"modified":"2025-06-17T16:11:31","modified_gmt":"2025-06-17T14:11:31","slug":"hernandez-alberto-afirma-que-el-compromiso-del-movimiento-poder-pal-pueblo-es-con-la-continuidad-de-luis-abinader","status":"publish","type":"post","link":"https:\/\/periodicolarepublica.com\/index.php\/2025\/06\/17\/hernandez-alberto-afirma-que-el-compromiso-del-movimiento-poder-pal-pueblo-es-con-la-continuidad-de-luis-abinader\/","title":{"rendered":"Hern\u00e1ndez Alberto afirma que el compromiso del movimiento Poder Pa\u2019l Pueblo es con la continuidad de Luis Abinader"},"content":{"rendered":"<p>Santo Domingo, R.D. \u2013 El presidente del movimiento Poder Pa\u2019l Pueblo, ingeniero Tom\u00e1s Hern\u00e1ndez Alberto, expres\u00f3 su firme respaldo al presidente Luis Abinader, destacando que el compromiso de su organizaci\u00f3n es trabajar para garantizar la continuidad de su mandato en beneficio del pueblo dominicano.<\/p>\n<p>Durante su participaci\u00f3n en el programa televisivo Una Nueva Ma\u00f1ana, Hern\u00e1ndez Alberto sostuvo que, m\u00e1s all\u00e1 de las aspiraciones internas dentro del Partido Revolucionario Moderno (PRM), lo m\u00e1s importante en esta etapa es cerrar con \u00e9xito la actual gesti\u00f3n del presidente Abinader. \u201cLuis debe terminar bien, porque eso es garant\u00eda de continuidad para el PRM en el poder\u201d, manifest\u00f3.<\/p>\n<p>El l\u00edder pol\u00edtico enfatiz\u00f3 que el movimiento Poder Pa\u2019l Pueblo est\u00e1 concentrado en apoyar las pol\u00edticas p\u00fablicas impulsadas por el presidente Abinader, reconociendo sus esfuerzos por mejorar las condiciones de vida de la poblaci\u00f3n, fortalecer la institucionalidad y mantener la estabilidad econ\u00f3mica del pa\u00eds.<\/p>\n<p>Hern\u00e1ndez Alberto tambi\u00e9n se refiri\u00f3 a las aspiraciones de los diferentes precandidatos dentro del PRM, se\u00f1alando que \u201ccada uno debe vender el trabajo que ha venido realizando en favor de la gesti\u00f3n del presidente, no s\u00f3lo pensando en el inter\u00e9s personal, sino en el bienestar colectivo y la consolidaci\u00f3n del proyecto pol\u00edtico\u201d.<\/p>\n<p>En ese sentido, aclar\u00f3 que su movimiento respetar\u00e1 los tiempos establecidos por la Ley de Partidos y que, una vez el partido elija oficialmente a su candidato, estar\u00e1n dispuestos a integrarse con entusiasmo a trabajar por la victoria. \u201cApoyaremos con fuerza al candidato que elija el partido, pero ahora lo m\u00e1s importante es respaldar a Luis Abinader para que siga conduciendo los destinos de la naci\u00f3n\u201d, puntualiz\u00f3.<\/p>\n<p>El ingeniero resalt\u00f3 que el presidente Abinader representa una figura de confianza tanto a nivel nacional como internacional, y que su liderazgo ha sido clave para mantener el rumbo del pa\u00eds en medio de los desaf\u00edos que enfrenta la regi\u00f3n. Asimismo, valor\u00f3 su estilo de gobernar cercano a la gente, transparente y basado en resultados.<\/p>\n<p>Poder Pa\u2019l Pueblo, seg\u00fan explic\u00f3 su presidente, continuar\u00e1 recorriendo el pa\u00eds promoviendo los logros del gobierno, escuchando las necesidades de las comunidades y motivando a la poblaci\u00f3n a mantenerse firme con una gesti\u00f3n que, a su juicio, ha dado respuestas concretas en salud, educaci\u00f3n, empleo e infraestructura.<\/p>\n<p>Finalmente, Tom\u00e1s Hern\u00e1ndez Alberto reiter\u00f3 su llamado a la unidad dentro del PRM, recordando que \u201cla prioridad ahora no es la competencia interna, sino respaldar a un presidente que est\u00e1 haciendo un buen trabajo. Si Luis termina fuerte, gana el pa\u00eds, gana el partido y gana la democracia\u201d.<img loading=\"lazy\" decoding=\"async\" class=\"size-medium wp-image-3423 alignright\" src=\"https:\/\/periodicolarepublica.com\/wp-content\/uploads\/2025\/06\/IMG_20250617_095834-300x283.jpg\" alt=\"\" width=\"300\" height=\"283\" srcset=\"https:\/\/periodicolarepublica.com\/wp-content\/uploads\/2025\/06\/IMG_20250617_095834-300x283.jpg?v=1750169471 300w, https:\/\/periodicolarepublica.com\/wp-content\/uploads\/2025\/06\/IMG_20250617_095834-1024x965.jpg?v=1750169471 1024w, https:\/\/periodicolarepublica.com\/wp-content\/uploads\/2025\/06\/IMG_20250617_095834-768x724.jpg?v=1750169471 768w, https:\/\/periodicolarepublica.com\/wp-content\/uploads\/2025\/06\/IMG_20250617_095834-1536x1447.jpg?v=1750169471 1536w, https:\/\/periodicolarepublica.com\/wp-content\/uploads\/2025\/06\/IMG_20250617_095834-2048x1930.jpg?v=1750169471 2048w, https:\/\/periodicolarepublica.com\/wp-content\/uploads\/2025\/06\/IMG_20250617_095834-150x141.jpg?v=1750169471 150w, https:\/\/periodicolarepublica.com\/wp-content\/uploads\/2025\/06\/IMG_20250617_095834-600x565.jpg?v=1750169471 600w, https:\/\/periodicolarepublica.com\/wp-content\/uploads\/2025\/06\/IMG_20250617_095834-696x656.jpg?v=1750169471 696w, https:\/\/periodicolarepublica.com\/wp-content\/uploads\/2025\/06\/IMG_20250617_095834-1392x1312.jpg?v=1750169471 1392w, https:\/\/periodicolarepublica.com\/wp-content\/uploads\/2025\/06\/IMG_20250617_095834-1068x1006.jpg?v=1750169471 1068w, https:\/\/periodicolarepublica.com\/wp-content\/uploads\/2025\/06\/IMG_20250617_095834-1920x1809.jpg?v=1750169471 1920w\" sizes=\"auto, (max-width: 300px) 100vw, 300px\" \/><\/p>\n","protected":false},"excerpt":{"rendered":"<p>Santo Domingo, R.D. \u2013 El presidente del movimiento Poder Pa\u2019l Pueblo, ingeniero Tom\u00e1s Hern\u00e1ndez Alberto, expres\u00f3 su firme respaldo al presidente Luis Abinader, destacando que el compromiso de su organizaci\u00f3n es trabajar para garantizar la continuidad de su mandato en beneficio del pueblo dominicano. Durante su participaci\u00f3n en el programa televisivo Una Nueva Ma\u00f1ana, Hern\u00e1ndez [&hellip;]<\/p>\n","protected":false},"author":10,"featured_media":3423,"comment_status":"open","ping_status":"open","sticky":false,"template":"","format":"standard","meta":{"om_disable_all_campaigns":false,"_monsterinsights_skip_tracking":false,"_monsterinsights_sitenote_active":false,"_monsterinsights_sitenote_note":"","_monsterinsights_sitenote_category":0,"footnotes":""},"categories":[1],"tags":[163],"class_list":{"0":"post-3422","1":"post","2":"type-post","3":"status-publish","4":"format-standard","5":"has-post-thumbnail","7":"category-nacionales","8":"tag-tomas-hernandez-alberto"},"aioseo_notices":[],"_links":{"self":[{"href":"https:\/\/periodicolarepublica.com\/index.php\/wp-json\/wp\/v2\/posts\/3422","targetHints":{"allow":["GET"]}}],"collection":[{"href":"https:\/\/periodicolarepublica.com\/index.php\/wp-json\/wp\/v2\/posts"}],"about":[{"href":"https:\/\/periodicolarepublica.com\/index.php\/wp-json\/wp\/v2\/types\/post"}],"author":[{"embeddable":true,"href":"https:\/\/periodicolarepublica.com\/index.php\/wp-json\/wp\/v2\/users\/10"}],"replies":[{"embeddable":true,"href":"https:\/\/periodicolarepublica.com\/index.php\/wp-json\/wp\/v2\/comments?post=3422"}],"version-history":[{"count":1,"href":"https:\/\/periodicolarepublica.com\/index.php\/wp-json\/wp\/v2\/posts\/3422\/revisions"}],"predecessor-version":[{"id":3424,"href":"https:\/\/periodicolarepublica.com\/index.php\/wp-json\/wp\/v2\/posts\/3422\/revisions\/3424"}],"wp:featuredmedia":[{"embeddable":true,"href":"https:\/\/periodicolarepublica.com\/index.php\/wp-json\/wp\/v2\/media\/3423"}],"wp:attachment":[{"href":"https:\/\/periodicolarepublica.com\/index.php\/wp-json\/wp\/v2\/media?parent=3422"}],"wp:term":[{"taxonomy":"category","embeddable":true,"href":"https:\/\/periodicolarepublica.com\/index.php\/wp-json\/wp\/v2\/categories?post=3422"},{"taxonomy":"post_tag","embeddable":true,"href":"https:\/\/periodicolarepublica.com\/index.php\/wp-json\/wp\/v2\/tags?post=3422"}],"curies":[{"name":"wp","href":"https:\/\/api.w.org\/{rel}","templated":true}]}}