{"id":3428,"date":"2025-06-17T22:35:23","date_gmt":"2025-06-17T20:35:23","guid":{"rendered":"https:\/\/periodicolarepublica.com\/?p=3428"},"modified":"2025-06-17T22:35:23","modified_gmt":"2025-06-17T20:35:23","slug":"rueda-de-prensa-y-coctel-vip-de-los-premios-monitor-latino","status":"publish","type":"post","link":"https:\/\/periodicolarepublica.com\/index.php\/2025\/06\/17\/rueda-de-prensa-y-coctel-vip-de-los-premios-monitor-latino\/","title":{"rendered":"Rueda de Prensa y C\u00f3ctel VIP de los Premios Monitor Latino"},"content":{"rendered":"<p>Barranquilla, Colombia, 16 de junio de 2025 &#8211; Monitor Latino, la plataforma l\u00edder en monitoreo de radio para el mercado hispano, anuncia su Rueda de Prensa Oficial y C\u00f3ctel VIP en el marco del lanzamiento de los Premios Monitor Latino 2025. El evento tendr\u00e1 lugar el jueves 26 de junio a las 6:00 PM en el Frogg Leggs Caf\u00e9 Bar, ubicado en el coraz\u00f3n del Centro Hist\u00f3rico de Barranquilla.<\/p>\n<p>&nbsp;<\/p>\n<p>*Detalles del Evento:*<\/p>\n<p>&nbsp;<\/p>\n<p>&#8211; *Fecha:* Jueves 26 de junio de 2025<\/p>\n<p>&#8211; *Hora:* 6:00 PM<\/p>\n<p>&#8211; *Lugar:* Frogg Leggs Caf\u00e9 Bar, Cl. 93 #43-122, Nte. Centro Hist\u00f3rico, Barranquilla, Atl\u00e1ntico, Colombia<\/p>\n<p>&#8211; *Objetivo:* Presentar la sexta edici\u00f3n de los Premios Monitor Latino, que se llevar\u00e1 a cabo el 3 de septiembre de 2025 en Barranquilla.<\/p>\n<p>&nbsp;<\/p>\n<p>*Sobre los Premios Monitor Latino:*<\/p>\n<p>&nbsp;<\/p>\n<p>&#8211; *Reconocimiento:* Los Premios Monitor Latino reconocen y celebran a los artistas y profesionales de la industria musical latina que han logrado un impacto significativo en la m\u00fasica hispana.<\/p>\n<p>&#8211; *Trayectoria:* Desde su fundaci\u00f3n en 2003, Monitor Latino se ha posicionado como una de las plataformas m\u00e1s influyentes en la industria musical latina.<\/p>\n<p>&nbsp;<\/p>\n<p>*Pr\u00f3ximos Pasos:*<\/p>\n<p>&nbsp;<\/p>\n<p>&#8211; *Rueda de Prensa:* El 26 de junio, la industria musical y los medios de comunicaci\u00f3n se reunir\u00e1n para conocer los detalles de la sexta edici\u00f3n de los Premios Monitor Latino.<\/p>\n<p>&#8211; *Entrega de Premios:* El 3 de septiembre de 2025, Barranquilla ser\u00e1 el escenario de la entrega de premios, que promete ser una noche inolvidable para los artistas y la industria musical latina.<\/p>\n<p>&nbsp;<\/p>\n<p>*Contacto:*<\/p>\n<p>Para m\u00e1s informaci\u00f3n sobre los Premios Monitor Latino y la Rueda de Prensa, por favor comun\u00edquese por:<\/p>\n<p>@premiosmonitor<\/p>\n<p>@monitorlatino_<\/p>\n<p>monitormusicawards.com<img loading=\"lazy\" decoding=\"async\" class=\"size-medium wp-image-3429 alignright\" src=\"https:\/\/periodicolarepublica.com\/wp-content\/uploads\/2025\/06\/IMG-20250617-WA0650-300x169.jpg\" alt=\"\" width=\"300\" height=\"169\" \/><\/p>\n","protected":false},"excerpt":{"rendered":"<p>Barranquilla, Colombia, 16 de junio de 2025 &#8211; Monitor Latino, la plataforma l\u00edder en monitoreo de radio para el mercado hispano, anuncia su Rueda de Prensa Oficial y C\u00f3ctel VIP en el marco del lanzamiento de los Premios Monitor Latino 2025. El evento tendr\u00e1 lugar el jueves 26 de junio a las 6:00 PM en [&hellip;]<\/p>\n","protected":false},"author":10,"featured_media":0,"comment_status":"open","ping_status":"open","sticky":false,"template":"","format":"standard","meta":{"om_disable_all_campaigns":false,"_monsterinsights_skip_tracking":false,"_monsterinsights_sitenote_active":false,"_monsterinsights_sitenote_note":"","_monsterinsights_sitenote_category":0,"footnotes":""},"categories":[1],"tags":[],"class_list":{"0":"post-3428","1":"post","2":"type-post","3":"status-publish","4":"format-standard","6":"category-nacionales"},"aioseo_notices":[],"_links":{"self":[{"href":"https:\/\/periodicolarepublica.com\/index.php\/wp-json\/wp\/v2\/posts\/3428","targetHints":{"allow":["GET"]}}],"collection":[{"href":"https:\/\/periodicolarepublica.com\/index.php\/wp-json\/wp\/v2\/posts"}],"about":[{"href":"https:\/\/periodicolarepublica.com\/index.php\/wp-json\/wp\/v2\/types\/post"}],"author":[{"embeddable":true,"href":"https:\/\/periodicolarepublica.com\/index.php\/wp-json\/wp\/v2\/users\/10"}],"replies":[{"embeddable":true,"href":"https:\/\/periodicolarepublica.com\/index.php\/wp-json\/wp\/v2\/comments?post=3428"}],"version-history":[{"count":1,"href":"https:\/\/periodicolarepublica.com\/index.php\/wp-json\/wp\/v2\/posts\/3428\/revisions"}],"predecessor-version":[{"id":3430,"href":"https:\/\/periodicolarepublica.com\/index.php\/wp-json\/wp\/v2\/posts\/3428\/revisions\/3430"}],"wp:attachment":[{"href":"https:\/\/periodicolarepublica.com\/index.php\/wp-json\/wp\/v2\/media?parent=3428"}],"wp:term":[{"taxonomy":"category","embeddable":true,"href":"https:\/\/periodicolarepublica.com\/index.php\/wp-json\/wp\/v2\/categories?post=3428"},{"taxonomy":"post_tag","embeddable":true,"href":"https:\/\/periodicolarepublica.com\/index.php\/wp-json\/wp\/v2\/tags?post=3428"}],"curies":[{"name":"wp","href":"https:\/\/api.w.org\/{rel}","templated":true}]}}