{"id":3431,"date":"2025-06-18T20:45:27","date_gmt":"2025-06-18T18:45:27","guid":{"rendered":"https:\/\/periodicolarepublica.com\/?p=3431"},"modified":"2025-06-18T20:45:27","modified_gmt":"2025-06-18T18:45:27","slug":"fedoci-presenta-tecnicos-de-cara-a-santo-domingo-2026-y-anuncia-nacional-de-ruta","status":"publish","type":"post","link":"https:\/\/periodicolarepublica.com\/index.php\/2025\/06\/18\/fedoci-presenta-tecnicos-de-cara-a-santo-domingo-2026-y-anuncia-nacional-de-ruta\/","title":{"rendered":"Fedoci presenta t\u00e9cnicos de cara a Santo Domingo 2026 y anuncia Nacional de Ruta"},"content":{"rendered":"<p>La Federaci\u00f3n Dominicana de Ciclismo (Fedoci) present\u00f3 a los t\u00e9cnicos que trabajan con las diferentes selecciones con mira a los Juegos Centroamericanos y del Caribe Santo Domingo 2026.<\/p>\n<p>Jorge Blas D\u00edaz, presidente de Fedoci, encabez\u00f3 la conferencia de prensa celebrada en el local de la entidad, anclada en el Vel\u00f3dromo Nacional.<\/p>\n<p>En la modalidada de ruta, tanto en masculino como en femenino, estar\u00e1 a cargo el t\u00e9cnico y excampe\u00f3n panamericano de ruta Wendy Ram\u00f3n Cruz, quien posee una larga trayectoria en el ciclismo, con gran conocimiento y tendr\u00e1 como asistente a Julio Santana.<\/p>\n<p>En el mountain bike estar\u00e1 a cargo Edwin Hilario, un t\u00e9cnico forjado en esta modalidad con una gran capacidad y conocimiento.<\/p>\n<p>En el \u00e1rea de BMX dirigir\u00e1 Ancer L\u00f3pez, de Colombia, un t\u00e9cnico que ha estado trabajando y asesorando a esta modalidad desde el a\u00f1o 2000 y ha logrado proyectar el BMX como una de las disciplinas con mayor crecimiento.<\/p>\n<p>En la pista estar\u00e1 el reconocido t\u00e9cnico colombiano Jairo P\u00e9rez, un ex corredor de ruta y pista con un gran compromiso de consagrar nuestros j\u00f3venes en este gran proyecto. Tendr\u00e1 como asistente a Norlandi Taveras.<\/p>\n<p>Junto al presidente de Fedoci, encabezaron el acto Emilio Valdez, vicepresidente,;Rafael Tejada, secretario general; y Miguel Gonz\u00e1lez, presidente de la comisi\u00f3n t\u00e9cnica.<\/p>\n<p>Blas Dias tambien anunci\u00f3 que el pr\u00f3ximo jueves 26 de julio se dar\u00e1 inicio a los Campeonatos Nacionales de ruta.<\/p>\n<p>La carrera contra reloj abrir\u00e1 el evento en el parque Mirador Sur.<br \/>\nEl s\u00e1bado 28 y domingo 29 se competir\u00e1 la ruta en sus diferentes modalidades en las inmediaciones del parque Mirador Norte en Santo Domingo Norte.<img loading=\"lazy\" decoding=\"async\" class=\"size-medium wp-image-3432 alignright\" src=\"https:\/\/periodicolarepublica.com\/wp-content\/uploads\/2025\/06\/IMG-20250618-WA0499-300x200.jpg\" alt=\"\" width=\"300\" height=\"200\" srcset=\"https:\/\/periodicolarepublica.com\/wp-content\/uploads\/2025\/06\/IMG-20250618-WA0499-300x200.jpg?v=1750272314 300w, https:\/\/periodicolarepublica.com\/wp-content\/uploads\/2025\/06\/IMG-20250618-WA0499-1024x683.jpg?v=1750272314 1024w, https:\/\/periodicolarepublica.com\/wp-content\/uploads\/2025\/06\/IMG-20250618-WA0499-768x512.jpg?v=1750272314 768w, https:\/\/periodicolarepublica.com\/wp-content\/uploads\/2025\/06\/IMG-20250618-WA0499-1536x1024.jpg?v=1750272314 1536w, https:\/\/periodicolarepublica.com\/wp-content\/uploads\/2025\/06\/IMG-20250618-WA0499-2048x1365.jpg?v=1750272314 2048w, https:\/\/periodicolarepublica.com\/wp-content\/uploads\/2025\/06\/IMG-20250618-WA0499-150x100.jpg?v=1750272314 150w, https:\/\/periodicolarepublica.com\/wp-content\/uploads\/2025\/06\/IMG-20250618-WA0499-600x400.jpg?v=1750272314 600w, https:\/\/periodicolarepublica.com\/wp-content\/uploads\/2025\/06\/IMG-20250618-WA0499-696x464.jpg?v=1750272314 696w, https:\/\/periodicolarepublica.com\/wp-content\/uploads\/2025\/06\/IMG-20250618-WA0499-1392x928.jpg?v=1750272314 1392w, https:\/\/periodicolarepublica.com\/wp-content\/uploads\/2025\/06\/IMG-20250618-WA0499-1068x712.jpg?v=1750272314 1068w, https:\/\/periodicolarepublica.com\/wp-content\/uploads\/2025\/06\/IMG-20250618-WA0499-1920x1280.jpg?v=1750272314 1920w\" sizes=\"auto, (max-width: 300px) 100vw, 300px\" \/><\/p>\n","protected":false},"excerpt":{"rendered":"<p>La Federaci\u00f3n Dominicana de Ciclismo (Fedoci) present\u00f3 a los t\u00e9cnicos que trabajan con las diferentes selecciones con mira a los Juegos Centroamericanos y del Caribe Santo Domingo 2026. Jorge Blas D\u00edaz, presidente de Fedoci, encabez\u00f3 la conferencia de prensa celebrada en el local de la entidad, anclada en el Vel\u00f3dromo Nacional. En la modalidada de [&hellip;]<\/p>\n","protected":false},"author":10,"featured_media":3432,"comment_status":"open","ping_status":"open","sticky":false,"template":"","format":"standard","meta":{"om_disable_all_campaigns":false,"_monsterinsights_skip_tracking":false,"_monsterinsights_sitenote_active":false,"_monsterinsights_sitenote_note":"","_monsterinsights_sitenote_category":0,"footnotes":""},"categories":[1],"tags":[],"class_list":{"0":"post-3431","1":"post","2":"type-post","3":"status-publish","4":"format-standard","5":"has-post-thumbnail","7":"category-nacionales"},"aioseo_notices":[],"_links":{"self":[{"href":"https:\/\/periodicolarepublica.com\/index.php\/wp-json\/wp\/v2\/posts\/3431","targetHints":{"allow":["GET"]}}],"collection":[{"href":"https:\/\/periodicolarepublica.com\/index.php\/wp-json\/wp\/v2\/posts"}],"about":[{"href":"https:\/\/periodicolarepublica.com\/index.php\/wp-json\/wp\/v2\/types\/post"}],"author":[{"embeddable":true,"href":"https:\/\/periodicolarepublica.com\/index.php\/wp-json\/wp\/v2\/users\/10"}],"replies":[{"embeddable":true,"href":"https:\/\/periodicolarepublica.com\/index.php\/wp-json\/wp\/v2\/comments?post=3431"}],"version-history":[{"count":1,"href":"https:\/\/periodicolarepublica.com\/index.php\/wp-json\/wp\/v2\/posts\/3431\/revisions"}],"predecessor-version":[{"id":3433,"href":"https:\/\/periodicolarepublica.com\/index.php\/wp-json\/wp\/v2\/posts\/3431\/revisions\/3433"}],"wp:featuredmedia":[{"embeddable":true,"href":"https:\/\/periodicolarepublica.com\/index.php\/wp-json\/wp\/v2\/media\/3432"}],"wp:attachment":[{"href":"https:\/\/periodicolarepublica.com\/index.php\/wp-json\/wp\/v2\/media?parent=3431"}],"wp:term":[{"taxonomy":"category","embeddable":true,"href":"https:\/\/periodicolarepublica.com\/index.php\/wp-json\/wp\/v2\/categories?post=3431"},{"taxonomy":"post_tag","embeddable":true,"href":"https:\/\/periodicolarepublica.com\/index.php\/wp-json\/wp\/v2\/tags?post=3431"}],"curies":[{"name":"wp","href":"https:\/\/api.w.org\/{rel}","templated":true}]}}