{"id":3434,"date":"2025-06-19T01:07:51","date_gmt":"2025-06-18T23:07:51","guid":{"rendered":"https:\/\/periodicolarepublica.com\/?p=3434"},"modified":"2025-06-19T01:07:51","modified_gmt":"2025-06-18T23:07:51","slug":"tomas-hernandez-alberto-llama-a-respaldar-la-gestion-de-luis-abinader-y-dejar-las-aspiraciones-politicas-para-su-debido-momento","status":"publish","type":"post","link":"https:\/\/periodicolarepublica.com\/index.php\/2025\/06\/19\/tomas-hernandez-alberto-llama-a-respaldar-la-gestion-de-luis-abinader-y-dejar-las-aspiraciones-politicas-para-su-debido-momento\/","title":{"rendered":"Tom\u00e1s Hern\u00e1ndez Alberto llama a respaldar la gesti\u00f3n de Luis Abinader y dejar las aspiraciones pol\u00edticas para su debido momento"},"content":{"rendered":"<p>Santo Domingo, R.D. \u2013 El ingeniero Tom\u00e1s Hern\u00e1ndez Alberto, Miembro del Partido Revolucionario Moderno (PRM), expres\u00f3 este martes su firme respaldo al presidente Luis Abinader y llam\u00f3 a todos los compa\u00f1eros del partido a concentrarse en apoyar la actual gesti\u00f3n de gobierno, en lugar de adelantar aspiraciones pol\u00edticas.<\/p>\n<p>Durante una conversaci\u00f3n con miembros de la prensa, Hern\u00e1ndez Alberto fue consultado sobre las manifestaciones anticipadas de inter\u00e9s por parte de algunos dirigentes del PRM respecto al pr\u00f3ximo proceso electoral. Al respecto, fue claro al se\u00f1alar que \u201cestamos en tiempo de Luis Abinader\u201d, y que la prioridad debe ser respaldar su mandato.<\/p>\n<p>\u201cEl presidente Luis Abinader est\u00e1 llevando al pa\u00eds por el mejor sendero. Tenemos una econom\u00eda fortalecida, un sector agr\u00edcola que ha respondido a las necesidades nacionales y un sistema de salud que ha dado muestras de eficacia y modernizaci\u00f3n\u201d, manifest\u00f3 el ingeniero Hern\u00e1ndez Alberto.<\/p>\n<p>Asimismo, destac\u00f3 que la gesti\u00f3n del presidente Abinader se ha caracterizado por la transparencia, el orden y el compromiso con el desarrollo sostenible de la Rep\u00fablica Dominicana. \u201cNo es momento de distracciones. Es momento de gobernar y de acompa\u00f1ar al presidente en este proceso de transformaci\u00f3n nacional\u201d, agreg\u00f3.<\/p>\n<p>Hern\u00e1ndez Alberto reconoci\u00f3 el derecho leg\u00edtimo de cada dirigente a tener aspiraciones, pero insisti\u00f3 en que el enfoque actual debe ser contribuir al \u00e9xito del gobierno. \u201cVendr\u00e1 el momento para las candidaturas, pero ahora corresponde trabajar con entrega y disciplina por el bienestar del pueblo dominicano\u201d, subray\u00f3.<\/p>\n<p>El dirigente pol\u00edtico tambi\u00e9n hizo un llamado a la unidad interna del PRM y al fortalecimiento institucional del partido. En sus palabras, \u201cuna organizaci\u00f3n s\u00f3lida, disciplinada y enfocada en la gesti\u00f3n presente, es la mejor garant\u00eda de continuidad en el poder y de consolidaci\u00f3n de los logros alcanzados\u201d.<\/p>\n<p>\u201cSi todos trabajamos con responsabilidad y compromiso, el presidente Luis Abinader dejar\u00e1 un legado imborrable al pa\u00eds, una gesti\u00f3n hist\u00f3rica que ser\u00e1 recordada por su impacto positivo en cada rinc\u00f3n de la naci\u00f3n\u201d, afirm\u00f3 Hern\u00e1ndez Alberto.<\/p>\n<p>La intervenci\u00f3n del Ing. Tom\u00e1s Hern\u00e1ndez Alberto concluy\u00f3 con un mensaje de aliento a la dirigencia y militancia del PRM, inst\u00e1ndolos a mantenerse firmes, unidos y enfocados en servir al pueblo desde el gobierno, como base para cualquier proyecto futuro que se construya sobre los logros actuales.<img loading=\"lazy\" decoding=\"async\" class=\"size-medium wp-image-3348 alignleft\" src=\"https:\/\/periodicolarepublica.com\/wp-content\/uploads\/2025\/05\/FB_IMG_1748442767346-300x225.jpg\" alt=\"\" width=\"300\" height=\"225\" srcset=\"https:\/\/periodicolarepublica.com\/wp-content\/uploads\/2025\/05\/FB_IMG_1748442767346-300x225.jpg?v=1748443333 300w, https:\/\/periodicolarepublica.com\/wp-content\/uploads\/2025\/05\/FB_IMG_1748442767346-768x576.jpg?v=1748443333 768w, https:\/\/periodicolarepublica.com\/wp-content\/uploads\/2025\/05\/FB_IMG_1748442767346-150x113.jpg?v=1748443333 150w, https:\/\/periodicolarepublica.com\/wp-content\/uploads\/2025\/05\/FB_IMG_1748442767346-600x450.jpg?v=1748443333 600w, https:\/\/periodicolarepublica.com\/wp-content\/uploads\/2025\/05\/FB_IMG_1748442767346-696x522.jpg?v=1748443333 696w, https:\/\/periodicolarepublica.com\/wp-content\/uploads\/2025\/05\/FB_IMG_1748442767346-265x198.jpg?v=1748443333 265w, https:\/\/periodicolarepublica.com\/wp-content\/uploads\/2025\/05\/FB_IMG_1748442767346-530x396.jpg?v=1748443333 530w, https:\/\/periodicolarepublica.com\/wp-content\/uploads\/2025\/05\/FB_IMG_1748442767346.jpg?v=1748443333 1024w\" sizes=\"auto, (max-width: 300px) 100vw, 300px\" \/><\/p>\n","protected":false},"excerpt":{"rendered":"<p>Santo Domingo, R.D. \u2013 El ingeniero Tom\u00e1s Hern\u00e1ndez Alberto, Miembro del Partido Revolucionario Moderno (PRM), expres\u00f3 este martes su firme respaldo al presidente Luis Abinader y llam\u00f3 a todos los compa\u00f1eros del partido a concentrarse en apoyar la actual gesti\u00f3n de gobierno, en lugar de adelantar aspiraciones pol\u00edticas. Durante una conversaci\u00f3n con miembros de la [&hellip;]<\/p>\n","protected":false},"author":10,"featured_media":3348,"comment_status":"open","ping_status":"open","sticky":false,"template":"","format":"standard","meta":{"om_disable_all_campaigns":false,"_monsterinsights_skip_tracking":false,"_monsterinsights_sitenote_active":false,"_monsterinsights_sitenote_note":"","_monsterinsights_sitenote_category":0,"footnotes":""},"categories":[1],"tags":[163],"class_list":{"0":"post-3434","1":"post","2":"type-post","3":"status-publish","4":"format-standard","5":"has-post-thumbnail","7":"category-nacionales","8":"tag-tomas-hernandez-alberto"},"aioseo_notices":[],"_links":{"self":[{"href":"https:\/\/periodicolarepublica.com\/index.php\/wp-json\/wp\/v2\/posts\/3434","targetHints":{"allow":["GET"]}}],"collection":[{"href":"https:\/\/periodicolarepublica.com\/index.php\/wp-json\/wp\/v2\/posts"}],"about":[{"href":"https:\/\/periodicolarepublica.com\/index.php\/wp-json\/wp\/v2\/types\/post"}],"author":[{"embeddable":true,"href":"https:\/\/periodicolarepublica.com\/index.php\/wp-json\/wp\/v2\/users\/10"}],"replies":[{"embeddable":true,"href":"https:\/\/periodicolarepublica.com\/index.php\/wp-json\/wp\/v2\/comments?post=3434"}],"version-history":[{"count":1,"href":"https:\/\/periodicolarepublica.com\/index.php\/wp-json\/wp\/v2\/posts\/3434\/revisions"}],"predecessor-version":[{"id":3435,"href":"https:\/\/periodicolarepublica.com\/index.php\/wp-json\/wp\/v2\/posts\/3434\/revisions\/3435"}],"wp:featuredmedia":[{"embeddable":true,"href":"https:\/\/periodicolarepublica.com\/index.php\/wp-json\/wp\/v2\/media\/3348"}],"wp:attachment":[{"href":"https:\/\/periodicolarepublica.com\/index.php\/wp-json\/wp\/v2\/media?parent=3434"}],"wp:term":[{"taxonomy":"category","embeddable":true,"href":"https:\/\/periodicolarepublica.com\/index.php\/wp-json\/wp\/v2\/categories?post=3434"},{"taxonomy":"post_tag","embeddable":true,"href":"https:\/\/periodicolarepublica.com\/index.php\/wp-json\/wp\/v2\/tags?post=3434"}],"curies":[{"name":"wp","href":"https:\/\/api.w.org\/{rel}","templated":true}]}}