{"id":3437,"date":"2025-06-20T17:33:57","date_gmt":"2025-06-20T15:33:57","guid":{"rendered":"https:\/\/periodicolarepublica.com\/?p=3437"},"modified":"2025-06-20T17:33:57","modified_gmt":"2025-06-20T15:33:57","slug":"arileidy-toribio-lanza-sin-rastro-rd-un-proyecto-dedicado-a-visibilizar-a-personas-desaparecidas-en-rd","status":"publish","type":"post","link":"https:\/\/periodicolarepublica.com\/index.php\/2025\/06\/20\/arileidy-toribio-lanza-sin-rastro-rd-un-proyecto-dedicado-a-visibilizar-a-personas-desaparecidas-en-rd\/","title":{"rendered":"Arileidy Toribio lanza \u201cSIN RASTRO RD\u201d, un proyecto dedicado a visibilizar a personas desaparecidas en RD,"},"content":{"rendered":"<p>Rep\u00fablica Dominicana, junio de 2025 \u2014 La periodista Arileidy Toribio presenta SIN RASTRO RD, un proyecto period\u00edstico enfocado en contar las historias de personas desaparecidas en la Rep\u00fablica Dominicana y ser la voz de esas familias que a\u00fan buscan respuestas.<\/p>\n<p>A trav\u00e9s de reportajes, entrevistas y coberturas audiovisuales difundidas principalmente en redes sociales como YouTube y TikTok, el proyecto busca romper el silencio, generar conciencia social y promover el acceso a la informaci\u00f3n sobre casos de desapariciones en el pa\u00eds.<\/p>\n<p>\u201cSIN RASTRO RD nace de una preocupaci\u00f3n profunda como periodista y como ciudadana. En muchos casos, las historias de personas desaparecidas quedan relegadas al olvido o no tienen la atenci\u00f3n medi\u00e1tica necesaria. Este proyecto busca cambiar eso\u201d, expres\u00f3 Toribio.<\/p>\n<p>Con una l\u00ednea editorial centrada en la dignidad de las v\u00edctimas y la sensibilidad hacia sus familiares, SIN RASTRO RD pretende convertirse en una plataforma de memoria y denuncia, adem\u00e1s de ser un recurso \u00fatil para quienes luchan por encontrar a sus seres queridos.<img loading=\"lazy\" decoding=\"async\" class=\"size-medium wp-image-3438 alignright\" src=\"https:\/\/periodicolarepublica.com\/wp-content\/uploads\/2025\/06\/IMG-20250620-WA0249-212x300.jpg\" alt=\"\" width=\"212\" height=\"300\" srcset=\"https:\/\/periodicolarepublica.com\/wp-content\/uploads\/2025\/06\/IMG-20250620-WA0249-212x300.jpg?v=1750433628 212w, https:\/\/periodicolarepublica.com\/wp-content\/uploads\/2025\/06\/IMG-20250620-WA0249-724x1024.jpg?v=1750433628 724w, https:\/\/periodicolarepublica.com\/wp-content\/uploads\/2025\/06\/IMG-20250620-WA0249-768x1086.jpg?v=1750433628 768w, https:\/\/periodicolarepublica.com\/wp-content\/uploads\/2025\/06\/IMG-20250620-WA0249-1087x1536.jpg?v=1750433628 1087w, https:\/\/periodicolarepublica.com\/wp-content\/uploads\/2025\/06\/IMG-20250620-WA0249-150x212.jpg?v=1750433628 150w, https:\/\/periodicolarepublica.com\/wp-content\/uploads\/2025\/06\/IMG-20250620-WA0249-300x424.jpg?v=1750433628 300w, https:\/\/periodicolarepublica.com\/wp-content\/uploads\/2025\/06\/IMG-20250620-WA0249-600x848.jpg?v=1750433628 600w, https:\/\/periodicolarepublica.com\/wp-content\/uploads\/2025\/06\/IMG-20250620-WA0249-696x984.jpg?v=1750433628 696w, https:\/\/periodicolarepublica.com\/wp-content\/uploads\/2025\/06\/IMG-20250620-WA0249-1068x1510.jpg?v=1750433628 1068w, https:\/\/periodicolarepublica.com\/wp-content\/uploads\/2025\/06\/IMG-20250620-WA0249.jpg?v=1750433628 1132w\" sizes=\"auto, (max-width: 212px) 100vw, 212px\" \/><\/p>\n","protected":false},"excerpt":{"rendered":"<p>Rep\u00fablica Dominicana, junio de 2025 \u2014 La periodista Arileidy Toribio presenta SIN RASTRO RD, un proyecto period\u00edstico enfocado en contar las historias de personas desaparecidas en la Rep\u00fablica Dominicana y ser la voz de esas familias que a\u00fan buscan respuestas. A trav\u00e9s de reportajes, entrevistas y coberturas audiovisuales difundidas principalmente en redes sociales como YouTube [&hellip;]<\/p>\n","protected":false},"author":10,"featured_media":3438,"comment_status":"open","ping_status":"open","sticky":false,"template":"","format":"standard","meta":{"om_disable_all_campaigns":false,"_monsterinsights_skip_tracking":false,"_monsterinsights_sitenote_active":false,"_monsterinsights_sitenote_note":"","_monsterinsights_sitenote_category":0,"footnotes":""},"categories":[1],"tags":[],"class_list":{"0":"post-3437","1":"post","2":"type-post","3":"status-publish","4":"format-standard","5":"has-post-thumbnail","7":"category-nacionales"},"aioseo_notices":[],"_links":{"self":[{"href":"https:\/\/periodicolarepublica.com\/index.php\/wp-json\/wp\/v2\/posts\/3437","targetHints":{"allow":["GET"]}}],"collection":[{"href":"https:\/\/periodicolarepublica.com\/index.php\/wp-json\/wp\/v2\/posts"}],"about":[{"href":"https:\/\/periodicolarepublica.com\/index.php\/wp-json\/wp\/v2\/types\/post"}],"author":[{"embeddable":true,"href":"https:\/\/periodicolarepublica.com\/index.php\/wp-json\/wp\/v2\/users\/10"}],"replies":[{"embeddable":true,"href":"https:\/\/periodicolarepublica.com\/index.php\/wp-json\/wp\/v2\/comments?post=3437"}],"version-history":[{"count":1,"href":"https:\/\/periodicolarepublica.com\/index.php\/wp-json\/wp\/v2\/posts\/3437\/revisions"}],"predecessor-version":[{"id":3439,"href":"https:\/\/periodicolarepublica.com\/index.php\/wp-json\/wp\/v2\/posts\/3437\/revisions\/3439"}],"wp:featuredmedia":[{"embeddable":true,"href":"https:\/\/periodicolarepublica.com\/index.php\/wp-json\/wp\/v2\/media\/3438"}],"wp:attachment":[{"href":"https:\/\/periodicolarepublica.com\/index.php\/wp-json\/wp\/v2\/media?parent=3437"}],"wp:term":[{"taxonomy":"category","embeddable":true,"href":"https:\/\/periodicolarepublica.com\/index.php\/wp-json\/wp\/v2\/categories?post=3437"},{"taxonomy":"post_tag","embeddable":true,"href":"https:\/\/periodicolarepublica.com\/index.php\/wp-json\/wp\/v2\/tags?post=3437"}],"curies":[{"name":"wp","href":"https:\/\/api.w.org\/{rel}","templated":true}]}}