{"id":344,"date":"2024-01-19T17:31:32","date_gmt":"2024-01-19T16:31:32","guid":{"rendered":"https:\/\/periodicolarepublica.com\/?p=344"},"modified":"2024-01-19T17:31:32","modified_gmt":"2024-01-19T16:31:32","slug":"grupo-de-medio-la-republica-realiza-cobertura-toma-de-mando-presidencial-guatemala","status":"publish","type":"post","link":"https:\/\/periodicolarepublica.com\/index.php\/2024\/01\/19\/grupo-de-medio-la-republica-realiza-cobertura-toma-de-mando-presidencial-guatemala\/","title":{"rendered":"Grupo de medio La Rep\u00fablica realiza cobertura toma de mando presidencial Guatemala\u00a0"},"content":{"rendered":"<p>&nbsp;<\/p>\n<p><img loading=\"lazy\" decoding=\"async\" class=\"alignnone size-medium wp-image-346\" src=\"https:\/\/periodicolarepublica.com\/wp-content\/uploads\/2024\/01\/IMG-20240119-WA0024-300x169.jpg\" alt=\"\" width=\"300\" height=\"169\" srcset=\"https:\/\/periodicolarepublica.com\/wp-content\/uploads\/2024\/01\/IMG-20240119-WA0024-300x169.jpg?v=1715379825 300w, https:\/\/periodicolarepublica.com\/wp-content\/uploads\/2024\/01\/IMG-20240119-WA0024-1024x576.jpg?v=1715379825 1024w, https:\/\/periodicolarepublica.com\/wp-content\/uploads\/2024\/01\/IMG-20240119-WA0024-768x432.jpg?v=1715379825 768w, https:\/\/periodicolarepublica.com\/wp-content\/uploads\/2024\/01\/IMG-20240119-WA0024-1536x864.jpg?v=1715379825 1536w, https:\/\/periodicolarepublica.com\/wp-content\/uploads\/2024\/01\/IMG-20240119-WA0024-150x84.jpg?v=1715379825 150w, https:\/\/periodicolarepublica.com\/wp-content\/uploads\/2024\/01\/IMG-20240119-WA0024-600x338.jpg?v=1715379825 600w, https:\/\/periodicolarepublica.com\/wp-content\/uploads\/2024\/01\/IMG-20240119-WA0024-696x392.jpg?v=1715379825 696w, https:\/\/periodicolarepublica.com\/wp-content\/uploads\/2024\/01\/IMG-20240119-WA0024-1392x783.jpg?v=1715379825 1392w, https:\/\/periodicolarepublica.com\/wp-content\/uploads\/2024\/01\/IMG-20240119-WA0024-1068x601.jpg?v=1715379825 1068w, https:\/\/periodicolarepublica.com\/wp-content\/uploads\/2024\/01\/IMG-20240119-WA0024.jpg?v=1715379825 1600w\" sizes=\"auto, (max-width: 300px) 100vw, 300px\" \/><\/p>\n<p>La Rep\u00fablica estuvo presente en la toma de mando y realiz\u00f3 entrevistas a diferentes l\u00edderes y personalidades presentes en el evento. Entre ellos se destacan pol\u00edticos, empresarios y representantes de organismos internacionales.<\/p>\n<p>La cobertura de La Rep\u00fablica se enfoc\u00f3 en brindar informaci\u00f3n detallada sobre la toma de posesi\u00f3n presidencial, parecer de los l\u00edderes asistentes, as\u00ed como tambi\u00e9n en recopilar opiniones y reacciones de los ciudadanos guatemaltecos.<\/p>\n<p>El peri\u00f3dico digital de La Rep\u00fablica tambi\u00e9n public\u00f3 informaci\u00f3n actualizada sobre los principales desaf\u00edos y prioridades que enfrentar\u00e1 el nuevo presidente Bernardo Arevalo, as\u00ed como tambi\u00e9n sobre las expectativas de la poblaci\u00f3n en cuanto a su mandato.<\/p>\n<p>En las entrevistas realizadas por M\u00e1ximo Mi\u00f1oso, Director del Medio, se abordaron temas como la relaci\u00f3n bilateral entre Guatemala y Rep\u00fablica Dominicana, la situaci\u00f3n pol\u00edtica en Am\u00e9rica Latina y los desaf\u00edos regionales a enfrentar, pudiendo entrevistar al canciller dominicano Roberto \u00c1lvarez y los presidentes de Costa Rica y Paraguay.<\/p>\n<p>La cobertura de La Rep\u00fablica que conto con el auspicio de la linea\u00a0 \u00a0a\u00e9rea ARAJET, de la agencia de ciajes Bermell\u00f3n ny del Instituto ICAP, se caracteriz\u00f3 por su imparcialidad y rigor period\u00edstico, brindando a sus lectores una visi\u00f3n completa y objetiva de la toma de mando presidencial en Guatemala.<\/p>\n<p>&nbsp;<\/p>\n","protected":false},"excerpt":{"rendered":"<p>&nbsp; La Rep\u00fablica estuvo presente en la toma de mando y realiz\u00f3 entrevistas a diferentes l\u00edderes y personalidades presentes en el evento. Entre ellos se destacan pol\u00edticos, empresarios y representantes de organismos internacionales. La cobertura de La Rep\u00fablica se enfoc\u00f3 en brindar informaci\u00f3n detallada sobre la toma de posesi\u00f3n presidencial, parecer de los l\u00edderes asistentes, [&hellip;]<\/p>\n","protected":false},"author":1,"featured_media":346,"comment_status":"open","ping_status":"open","sticky":false,"template":"","format":"standard","meta":{"om_disable_all_campaigns":false,"_monsterinsights_skip_tracking":false,"_monsterinsights_sitenote_active":false,"_monsterinsights_sitenote_note":"","_monsterinsights_sitenote_category":0,"footnotes":""},"categories":[1],"tags":[83,86,82,87],"class_list":{"0":"post-344","1":"post","2":"type-post","3":"status-publish","4":"format-standard","5":"has-post-thumbnail","7":"category-nacionales","8":"tag-bernardo-arevalo","9":"tag-dominicana","10":"tag-guatemala","11":"tag-noticias"},"aioseo_notices":[],"_links":{"self":[{"href":"https:\/\/periodicolarepublica.com\/index.php\/wp-json\/wp\/v2\/posts\/344","targetHints":{"allow":["GET"]}}],"collection":[{"href":"https:\/\/periodicolarepublica.com\/index.php\/wp-json\/wp\/v2\/posts"}],"about":[{"href":"https:\/\/periodicolarepublica.com\/index.php\/wp-json\/wp\/v2\/types\/post"}],"author":[{"embeddable":true,"href":"https:\/\/periodicolarepublica.com\/index.php\/wp-json\/wp\/v2\/users\/1"}],"replies":[{"embeddable":true,"href":"https:\/\/periodicolarepublica.com\/index.php\/wp-json\/wp\/v2\/comments?post=344"}],"version-history":[{"count":2,"href":"https:\/\/periodicolarepublica.com\/index.php\/wp-json\/wp\/v2\/posts\/344\/revisions"}],"predecessor-version":[{"id":351,"href":"https:\/\/periodicolarepublica.com\/index.php\/wp-json\/wp\/v2\/posts\/344\/revisions\/351"}],"wp:featuredmedia":[{"embeddable":true,"href":"https:\/\/periodicolarepublica.com\/index.php\/wp-json\/wp\/v2\/media\/346"}],"wp:attachment":[{"href":"https:\/\/periodicolarepublica.com\/index.php\/wp-json\/wp\/v2\/media?parent=344"}],"wp:term":[{"taxonomy":"category","embeddable":true,"href":"https:\/\/periodicolarepublica.com\/index.php\/wp-json\/wp\/v2\/categories?post=344"},{"taxonomy":"post_tag","embeddable":true,"href":"https:\/\/periodicolarepublica.com\/index.php\/wp-json\/wp\/v2\/tags?post=344"}],"curies":[{"name":"wp","href":"https:\/\/api.w.org\/{rel}","templated":true}]}}