{"id":3440,"date":"2025-06-21T01:40:29","date_gmt":"2025-06-20T23:40:29","guid":{"rendered":"https:\/\/periodicolarepublica.com\/?p=3440"},"modified":"2025-06-21T01:40:29","modified_gmt":"2025-06-20T23:40:29","slug":"poder-pal-pueblo-reafirma-su-compromiso-con-la-gestion-del-presidente-luis-abinader","status":"publish","type":"post","link":"https:\/\/periodicolarepublica.com\/index.php\/2025\/06\/21\/poder-pal-pueblo-reafirma-su-compromiso-con-la-gestion-del-presidente-luis-abinader\/","title":{"rendered":"Poder P\u2019AL Pueblo reafirma su compromiso con la gesti\u00f3n del presidente Luis Abinader"},"content":{"rendered":"<p>Santo Domingo, R.D. \u2013 En la tarde de hoy, el ingeniero Tom\u00e1s Hern\u00e1ndez Alberto, presidente del movimiento Poder P\u2019AL Pueblo, encabez\u00f3 una serie de reuniones con miembros y dirigentes de la organizaci\u00f3n, donde reiter\u00f3 el compromiso firme del movimiento con el presidente Luis Abinader y el Partido Revolucionario Moderno (PRM).<\/p>\n<p>&nbsp;<\/p>\n<p>Durante los encuentros, Hern\u00e1ndez Alberto subray\u00f3 que en esta etapa pol\u00edtica, el enfoque debe estar en respaldar de manera decidida la gesti\u00f3n de gobierno del presidente Abinader, quien, seg\u00fan afirm\u00f3, ha demostrado con hechos su compromiso con el desarrollo del pa\u00eds, la transparencia y el bienestar de todos los dominicanos.<\/p>\n<p>&nbsp;<\/p>\n<p>&gt; \u201cNuestro \u00fanico compromiso ahora mismo es con el presidente Luis Abinader y con el PRM. Estamos llamados a defender su obra de gobierno y a trabajar para que termine este mandato siendo reconocido como el mejor presidente de este siglo, porque est\u00e1 gobernando con responsabilidad, cercan\u00eda y pensando en el pueblo\u201d, expres\u00f3 Hern\u00e1ndez Alberto.<\/p>\n<p>&nbsp;<\/p>\n<p>&nbsp;<\/p>\n<p>&nbsp;<\/p>\n<p>El presidente de Poder P\u2019AL Pueblo concluy\u00f3 destacando que la unidad, la disciplina y el apoyo al liderazgo de Abinader son claves para consolidar los logros alcanzados y garantizar la continuidad del progreso que vive la Rep\u00fablica Dominicana.<img loading=\"lazy\" decoding=\"async\" class=\"size-medium wp-image-3441 alignright\" src=\"https:\/\/periodicolarepublica.com\/wp-content\/uploads\/2025\/06\/FB_IMG_1750459876167-300x199.jpg\" alt=\"\" width=\"300\" height=\"199\" srcset=\"https:\/\/periodicolarepublica.com\/wp-content\/uploads\/2025\/06\/FB_IMG_1750459876167-300x199.jpg?v=1750462812 300w, https:\/\/periodicolarepublica.com\/wp-content\/uploads\/2025\/06\/FB_IMG_1750459876167-1024x678.jpg?v=1750462812 1024w, https:\/\/periodicolarepublica.com\/wp-content\/uploads\/2025\/06\/FB_IMG_1750459876167-768x508.jpg?v=1750462812 768w, https:\/\/periodicolarepublica.com\/wp-content\/uploads\/2025\/06\/FB_IMG_1750459876167-1536x1017.jpg?v=1750462812 1536w, https:\/\/periodicolarepublica.com\/wp-content\/uploads\/2025\/06\/FB_IMG_1750459876167-150x99.jpg?v=1750462812 150w, https:\/\/periodicolarepublica.com\/wp-content\/uploads\/2025\/06\/FB_IMG_1750459876167-600x397.jpg?v=1750462812 600w, https:\/\/periodicolarepublica.com\/wp-content\/uploads\/2025\/06\/FB_IMG_1750459876167-696x461.jpg?v=1750462812 696w, https:\/\/periodicolarepublica.com\/wp-content\/uploads\/2025\/06\/FB_IMG_1750459876167-1392x921.jpg?v=1750462812 1392w, https:\/\/periodicolarepublica.com\/wp-content\/uploads\/2025\/06\/FB_IMG_1750459876167-1068x707.jpg?v=1750462812 1068w, https:\/\/periodicolarepublica.com\/wp-content\/uploads\/2025\/06\/FB_IMG_1750459876167.jpg?v=1750462812 1600w\" sizes=\"auto, (max-width: 300px) 100vw, 300px\" \/><\/p>\n","protected":false},"excerpt":{"rendered":"<p>Santo Domingo, R.D. \u2013 En la tarde de hoy, el ingeniero Tom\u00e1s Hern\u00e1ndez Alberto, presidente del movimiento Poder P\u2019AL Pueblo, encabez\u00f3 una serie de reuniones con miembros y dirigentes de la organizaci\u00f3n, donde reiter\u00f3 el compromiso firme del movimiento con el presidente Luis Abinader y el Partido Revolucionario Moderno (PRM). &nbsp; Durante los encuentros, Hern\u00e1ndez [&hellip;]<\/p>\n","protected":false},"author":10,"featured_media":3441,"comment_status":"open","ping_status":"open","sticky":false,"template":"","format":"standard","meta":{"om_disable_all_campaigns":false,"_monsterinsights_skip_tracking":false,"_monsterinsights_sitenote_active":false,"_monsterinsights_sitenote_note":"","_monsterinsights_sitenote_category":0,"footnotes":""},"categories":[1],"tags":[163],"class_list":{"0":"post-3440","1":"post","2":"type-post","3":"status-publish","4":"format-standard","5":"has-post-thumbnail","7":"category-nacionales","8":"tag-tomas-hernandez-alberto"},"aioseo_notices":[],"_links":{"self":[{"href":"https:\/\/periodicolarepublica.com\/index.php\/wp-json\/wp\/v2\/posts\/3440","targetHints":{"allow":["GET"]}}],"collection":[{"href":"https:\/\/periodicolarepublica.com\/index.php\/wp-json\/wp\/v2\/posts"}],"about":[{"href":"https:\/\/periodicolarepublica.com\/index.php\/wp-json\/wp\/v2\/types\/post"}],"author":[{"embeddable":true,"href":"https:\/\/periodicolarepublica.com\/index.php\/wp-json\/wp\/v2\/users\/10"}],"replies":[{"embeddable":true,"href":"https:\/\/periodicolarepublica.com\/index.php\/wp-json\/wp\/v2\/comments?post=3440"}],"version-history":[{"count":1,"href":"https:\/\/periodicolarepublica.com\/index.php\/wp-json\/wp\/v2\/posts\/3440\/revisions"}],"predecessor-version":[{"id":3442,"href":"https:\/\/periodicolarepublica.com\/index.php\/wp-json\/wp\/v2\/posts\/3440\/revisions\/3442"}],"wp:featuredmedia":[{"embeddable":true,"href":"https:\/\/periodicolarepublica.com\/index.php\/wp-json\/wp\/v2\/media\/3441"}],"wp:attachment":[{"href":"https:\/\/periodicolarepublica.com\/index.php\/wp-json\/wp\/v2\/media?parent=3440"}],"wp:term":[{"taxonomy":"category","embeddable":true,"href":"https:\/\/periodicolarepublica.com\/index.php\/wp-json\/wp\/v2\/categories?post=3440"},{"taxonomy":"post_tag","embeddable":true,"href":"https:\/\/periodicolarepublica.com\/index.php\/wp-json\/wp\/v2\/tags?post=3440"}],"curies":[{"name":"wp","href":"https:\/\/api.w.org\/{rel}","templated":true}]}}