{"id":3443,"date":"2025-06-21T02:22:29","date_gmt":"2025-06-21T00:22:29","guid":{"rendered":"https:\/\/periodicolarepublica.com\/?p=3443"},"modified":"2025-06-21T02:22:29","modified_gmt":"2025-06-21T00:22:29","slug":"darisy-suero-rechaza-campana-sucia-contra-eilyn-beltran-y-advierte-que-no-se-permitira-difamacion-de-dirigentes-comprometidos-con-el-pais","status":"publish","type":"post","link":"https:\/\/periodicolarepublica.com\/index.php\/2025\/06\/21\/darisy-suero-rechaza-campana-sucia-contra-eilyn-beltran-y-advierte-que-no-se-permitira-difamacion-de-dirigentes-comprometidos-con-el-pais\/","title":{"rendered":"Darisy Suero rechaza campa\u00f1a sucia contra Eilyn Beltr\u00e1n y advierte que no se permitir\u00e1 difamaci\u00f3n de dirigentes comprometidos con el pa\u00eds"},"content":{"rendered":"<p>Santo Domingo, R.D. \u2013 La dirigente pol\u00edtica Darisy Suero expres\u00f3 este viernes su en\u00e9rgico rechazo a la campa\u00f1a sucia que sectores de la oposici\u00f3n, con el respaldo de comunicadores sin escr\u00fapulos, han venido promoviendo contra el compa\u00f1ero y amigo Eilyn Beltr\u00e1n.<\/p>\n<p>&nbsp;<\/p>\n<p>\u00abRechazamos de manera categ\u00f3rica los ataques infundados contra un hombre que ha demostrado, con hechos, su compromiso incansable con el bienestar del pueblo dominicano\u00bb, afirm\u00f3 Suero. \u00abEilyn ha acompa\u00f1ado al presidente Luis Abinader en esta gesti\u00f3n hist\u00f3rica de transparencia y progreso, y no vamos a permitir que intenten manchar su trayectoria con mentiras y calumnias\u00bb.<\/p>\n<p>&nbsp;<\/p>\n<p>Darisy Suero llam\u00f3 a los dirigentes del Partido Revolucionario Moderno (PRM) a mantenerse firmes y unidos ante estos intentos de desinformaci\u00f3n y guerra sucia, reafirmando que \u00abla defensa de nuestros hombres y mujeres valiosos es un deber moral y pol\u00edtico\u00bb.<\/p>\n<p>&nbsp;<\/p>\n<p>\u00abJam\u00e1s vamos a permitir que se ensucie el nombre de quienes est\u00e1n trabajando d\u00eda a d\u00eda por un mejor pa\u00eds\u00bb, concluy\u00f3.<img loading=\"lazy\" decoding=\"async\" class=\"size-medium wp-image-3444 alignright\" src=\"https:\/\/periodicolarepublica.com\/wp-content\/uploads\/2025\/06\/IMG-20250620-WA0707-225x300.jpg\" alt=\"\" width=\"225\" height=\"300\" \/><\/p>\n","protected":false},"excerpt":{"rendered":"<p>Santo Domingo, R.D. \u2013 La dirigente pol\u00edtica Darisy Suero expres\u00f3 este viernes su en\u00e9rgico rechazo a la campa\u00f1a sucia que sectores de la oposici\u00f3n, con el respaldo de comunicadores sin escr\u00fapulos, han venido promoviendo contra el compa\u00f1ero y amigo Eilyn Beltr\u00e1n. &nbsp; \u00abRechazamos de manera categ\u00f3rica los ataques infundados contra un hombre que ha demostrado, [&hellip;]<\/p>\n","protected":false},"author":10,"featured_media":0,"comment_status":"open","ping_status":"open","sticky":false,"template":"","format":"standard","meta":{"om_disable_all_campaigns":false,"_monsterinsights_skip_tracking":false,"_monsterinsights_sitenote_active":false,"_monsterinsights_sitenote_note":"","_monsterinsights_sitenote_category":0,"footnotes":""},"categories":[1],"tags":[],"class_list":{"0":"post-3443","1":"post","2":"type-post","3":"status-publish","4":"format-standard","6":"category-nacionales"},"aioseo_notices":[],"_links":{"self":[{"href":"https:\/\/periodicolarepublica.com\/index.php\/wp-json\/wp\/v2\/posts\/3443","targetHints":{"allow":["GET"]}}],"collection":[{"href":"https:\/\/periodicolarepublica.com\/index.php\/wp-json\/wp\/v2\/posts"}],"about":[{"href":"https:\/\/periodicolarepublica.com\/index.php\/wp-json\/wp\/v2\/types\/post"}],"author":[{"embeddable":true,"href":"https:\/\/periodicolarepublica.com\/index.php\/wp-json\/wp\/v2\/users\/10"}],"replies":[{"embeddable":true,"href":"https:\/\/periodicolarepublica.com\/index.php\/wp-json\/wp\/v2\/comments?post=3443"}],"version-history":[{"count":1,"href":"https:\/\/periodicolarepublica.com\/index.php\/wp-json\/wp\/v2\/posts\/3443\/revisions"}],"predecessor-version":[{"id":3445,"href":"https:\/\/periodicolarepublica.com\/index.php\/wp-json\/wp\/v2\/posts\/3443\/revisions\/3445"}],"wp:attachment":[{"href":"https:\/\/periodicolarepublica.com\/index.php\/wp-json\/wp\/v2\/media?parent=3443"}],"wp:term":[{"taxonomy":"category","embeddable":true,"href":"https:\/\/periodicolarepublica.com\/index.php\/wp-json\/wp\/v2\/categories?post=3443"},{"taxonomy":"post_tag","embeddable":true,"href":"https:\/\/periodicolarepublica.com\/index.php\/wp-json\/wp\/v2\/tags?post=3443"}],"curies":[{"name":"wp","href":"https:\/\/api.w.org\/{rel}","templated":true}]}}