{"id":3446,"date":"2025-06-21T03:45:05","date_gmt":"2025-06-21T01:45:05","guid":{"rendered":"https:\/\/periodicolarepublica.com\/?p=3446"},"modified":"2025-06-21T03:45:05","modified_gmt":"2025-06-21T01:45:05","slug":"raffy-diaz-lanza-su-nuevo-sencillo-la-mitad","status":"publish","type":"post","link":"https:\/\/periodicolarepublica.com\/index.php\/2025\/06\/21\/raffy-diaz-lanza-su-nuevo-sencillo-la-mitad\/","title":{"rendered":"Raffy D\u00edaz lanza su nuevo sencillo \u201cLa Mitad\u201d"},"content":{"rendered":"<p>Guanamico, Puerto Plata. \u2013 El reconocido int\u00e9rprete de merengue t\u00edpico, Raffy D\u00edaz, anuncia con entusiasmo el lanzamiento de su m\u00e1s reciente sencillo titulado \u201cLa Mitad\u201d, una cautivadora fusi\u00f3n de merengue t\u00edpico con un toque rom\u00e1ntico, compuesta por los destacados artistas Camilo Echeverry y \u00c9dgar Barrera.<\/p>\n<p>El tema ya se encuentra disponible en las principales emisoras radiales del pa\u00eds, as\u00ed como en m\u00e1s de 150 plataformas digitales, incluyendo YouTube, Spotify, Apple Music y Deezer, entre otras. El videoclip oficial, grabado en los Estados Unidos, ofrece una propuesta visual fresca, moderna e internacional, complementando a la perfecci\u00f3n la emotiva l\u00edrica de la canci\u00f3n.<\/p>\n<p>Con este lanzamiento, Raffy D\u00edaz reafirma su compromiso con la innovaci\u00f3n dentro del g\u00e9nero t\u00edpico, consolidando su posici\u00f3n como una de las figuras m\u00e1s vers\u00e1tiles y queridas por el p\u00fablico tanto en la Rep\u00fablica Dominicana como en el extranjero.<\/p>\n<p>Para seguir de cerca las novedades del artista, puedes encontrarlo en todas sus redes sociales oficiales.<img loading=\"lazy\" decoding=\"async\" class=\"size-medium wp-image-3447 alignright\" src=\"https:\/\/periodicolarepublica.com\/wp-content\/uploads\/2025\/06\/IMG-20250620-WA0755-238x300.jpg\" alt=\"\" width=\"238\" height=\"300\" srcset=\"https:\/\/periodicolarepublica.com\/wp-content\/uploads\/2025\/06\/IMG-20250620-WA0755-238x300.jpg?v=1750470296 238w, https:\/\/periodicolarepublica.com\/wp-content\/uploads\/2025\/06\/IMG-20250620-WA0755-813x1024.jpg?v=1750470296 813w, https:\/\/periodicolarepublica.com\/wp-content\/uploads\/2025\/06\/IMG-20250620-WA0755-768x967.jpg?v=1750470296 768w, https:\/\/periodicolarepublica.com\/wp-content\/uploads\/2025\/06\/IMG-20250620-WA0755-1220x1536.jpg?v=1750470296 1220w, https:\/\/periodicolarepublica.com\/wp-content\/uploads\/2025\/06\/IMG-20250620-WA0755-1626x2048.jpg?v=1750470296 1626w, https:\/\/periodicolarepublica.com\/wp-content\/uploads\/2025\/06\/IMG-20250620-WA0755-150x189.jpg?v=1750470296 150w, https:\/\/periodicolarepublica.com\/wp-content\/uploads\/2025\/06\/IMG-20250620-WA0755-300x378.jpg?v=1750470296 300w, https:\/\/periodicolarepublica.com\/wp-content\/uploads\/2025\/06\/IMG-20250620-WA0755-600x756.jpg?v=1750470296 600w, https:\/\/periodicolarepublica.com\/wp-content\/uploads\/2025\/06\/IMG-20250620-WA0755-696x877.jpg?v=1750470296 696w, https:\/\/periodicolarepublica.com\/wp-content\/uploads\/2025\/06\/IMG-20250620-WA0755-1392x1753.jpg?v=1750470296 1392w, https:\/\/periodicolarepublica.com\/wp-content\/uploads\/2025\/06\/IMG-20250620-WA0755-1068x1345.jpg?v=1750470296 1068w, https:\/\/periodicolarepublica.com\/wp-content\/uploads\/2025\/06\/IMG-20250620-WA0755-1920x2418.jpg?v=1750470296 1920w, https:\/\/periodicolarepublica.com\/wp-content\/uploads\/2025\/06\/IMG-20250620-WA0755-scaled.jpg?v=1750470296 2033w\" sizes=\"auto, (max-width: 238px) 100vw, 238px\" \/><\/p>\n<p>Contacto de prensa:<br \/>\nDra. Michelle Soto<br \/>\nManager de Raffy D\u00edaz<br \/>\n\ud83d\udcde 809-218-0663<\/p>\n","protected":false},"excerpt":{"rendered":"<p>Guanamico, Puerto Plata. \u2013 El reconocido int\u00e9rprete de merengue t\u00edpico, Raffy D\u00edaz, anuncia con entusiasmo el lanzamiento de su m\u00e1s reciente sencillo titulado \u201cLa Mitad\u201d, una cautivadora fusi\u00f3n de merengue t\u00edpico con un toque rom\u00e1ntico, compuesta por los destacados artistas Camilo Echeverry y \u00c9dgar Barrera. El tema ya se encuentra disponible en las principales emisoras [&hellip;]<\/p>\n","protected":false},"author":10,"featured_media":3447,"comment_status":"open","ping_status":"open","sticky":false,"template":"","format":"standard","meta":{"om_disable_all_campaigns":false,"_monsterinsights_skip_tracking":false,"_monsterinsights_sitenote_active":false,"_monsterinsights_sitenote_note":"","_monsterinsights_sitenote_category":0,"footnotes":""},"categories":[1],"tags":[],"class_list":{"0":"post-3446","1":"post","2":"type-post","3":"status-publish","4":"format-standard","5":"has-post-thumbnail","7":"category-nacionales"},"aioseo_notices":[],"_links":{"self":[{"href":"https:\/\/periodicolarepublica.com\/index.php\/wp-json\/wp\/v2\/posts\/3446","targetHints":{"allow":["GET"]}}],"collection":[{"href":"https:\/\/periodicolarepublica.com\/index.php\/wp-json\/wp\/v2\/posts"}],"about":[{"href":"https:\/\/periodicolarepublica.com\/index.php\/wp-json\/wp\/v2\/types\/post"}],"author":[{"embeddable":true,"href":"https:\/\/periodicolarepublica.com\/index.php\/wp-json\/wp\/v2\/users\/10"}],"replies":[{"embeddable":true,"href":"https:\/\/periodicolarepublica.com\/index.php\/wp-json\/wp\/v2\/comments?post=3446"}],"version-history":[{"count":1,"href":"https:\/\/periodicolarepublica.com\/index.php\/wp-json\/wp\/v2\/posts\/3446\/revisions"}],"predecessor-version":[{"id":3448,"href":"https:\/\/periodicolarepublica.com\/index.php\/wp-json\/wp\/v2\/posts\/3446\/revisions\/3448"}],"wp:featuredmedia":[{"embeddable":true,"href":"https:\/\/periodicolarepublica.com\/index.php\/wp-json\/wp\/v2\/media\/3447"}],"wp:attachment":[{"href":"https:\/\/periodicolarepublica.com\/index.php\/wp-json\/wp\/v2\/media?parent=3446"}],"wp:term":[{"taxonomy":"category","embeddable":true,"href":"https:\/\/periodicolarepublica.com\/index.php\/wp-json\/wp\/v2\/categories?post=3446"},{"taxonomy":"post_tag","embeddable":true,"href":"https:\/\/periodicolarepublica.com\/index.php\/wp-json\/wp\/v2\/tags?post=3446"}],"curies":[{"name":"wp","href":"https:\/\/api.w.org\/{rel}","templated":true}]}}