{"id":3449,"date":"2025-06-24T00:26:01","date_gmt":"2025-06-23T22:26:01","guid":{"rendered":"https:\/\/periodicolarepublica.com\/?p=3449"},"modified":"2025-06-24T00:26:01","modified_gmt":"2025-06-23T22:26:01","slug":"tomas-hernandez-alberto-afirma-en-el-sol-de-la-tarde-este-es-el-momento-de-aterrizar-en-el-desarrollo","status":"publish","type":"post","link":"https:\/\/periodicolarepublica.com\/index.php\/2025\/06\/24\/tomas-hernandez-alberto-afirma-en-el-sol-de-la-tarde-este-es-el-momento-de-aterrizar-en-el-desarrollo\/","title":{"rendered":"Tom\u00e1s Hern\u00e1ndez Alberto afirma en El Sol de la Tarde: \u201cEste es el momento de aterrizar en el desarrollo\u201d"},"content":{"rendered":"<p>El l\u00edder del movimiento Poder P\u2019AL Pueblo resalta el compromiso del presidente Luis Abinader con el progreso nacional y llama a promover los logros de su gesti\u00f3n.<\/p>\n<p>Santo Domingo, R.D. \u2013 El ingeniero Tom\u00e1s Hern\u00e1ndez Alberto, presidente del movimiento Poder P\u2019AL Pueblo y miembro destacado del Partido Revolucionario Moderno (PRM), particip\u00f3 este lunes en el programa \u201cEl Sol de la Tarde\u201d, transmitido por Zol 106.5 FM del grupo RCC Media, donde ofreci\u00f3 declaraciones de gran relevancia sobre el rumbo pol\u00edtico y econ\u00f3mico del pa\u00eds.<\/p>\n<p>Durante su intervenci\u00f3n, Hern\u00e1ndez Alberto expres\u00f3 que el pa\u00eds se encuentra en una etapa crucial de transformaci\u00f3n y progreso, liderada por el presidente Luis Abinader. \u201cEste es el momento de aterrizar en el desarrollo\u201d, afirm\u00f3 con convicci\u00f3n, destacando que por primera vez en d\u00e9cadas se percibe una direcci\u00f3n clara hacia un crecimiento sostenible y ordenado.<\/p>\n<p>El dirigente pol\u00edtico subray\u00f3 que el presidente Abinader est\u00e1 enfocado en dejar un legado de avance estructural, institucional y econ\u00f3mico. \u201cTenemos un presidente que est\u00e1 decidido a dejar el pa\u00eds en el punto m\u00e1s alto del desarrollo\u201d, sostuvo Hern\u00e1ndez, quien elogi\u00f3 el enfoque t\u00e9cnico, transparente y estrat\u00e9gico del actual gobierno.<\/p>\n<p>En ese sentido, mencion\u00f3 que seg\u00fan las proyecciones econ\u00f3micas y sociales, la Rep\u00fablica Dominicana se encuentra en una ruta ascendente que pronto la colocar\u00e1 como referente regional en materia de desarrollo humano, inversi\u00f3n extranjera y estabilidad democr\u00e1tica.<\/p>\n<p>Al ser consultado sobre el proceso electoral venidero y la promoci\u00f3n de precandidaturas dentro del partido oficialista, Hern\u00e1ndez Alberto fue enf\u00e1tico en expresar su desacuerdo con las campa\u00f1as a destiempo. \u201cNo estoy de acuerdo con campa\u00f1as anticipadas, pero s\u00ed con que los funcionarios y dirigentes vendan su gesti\u00f3n y comuniquen lo que est\u00e1n haciendo desde el gobierno\u201d, afirm\u00f3.<\/p>\n<p>Insisti\u00f3 en que no se trata de hacer proselitismo prematuro, sino de proyectar los resultados positivos del gobierno como una forma leg\u00edtima de conectar con la ciudadan\u00eda y de fortalecer la confianza en la administraci\u00f3n actual. \u201cEs momento de defender y vender esta gran gesti\u00f3n del presidente Abinader\u201d, reiter\u00f3.<\/p>\n<p>El l\u00edder del movimiento Poder P\u2019AL Pueblo tambi\u00e9n llam\u00f3 a todos los actores pol\u00edticos y sociales a sumarse al esfuerzo por consolidar los avances alcanzados en \u00e1reas como la salud, la educaci\u00f3n, las infraestructuras y la lucha contra la corrupci\u00f3n, que han caracterizado la presente gesti\u00f3n gubernamental.<\/p>\n<p>Finalmente, Hern\u00e1ndez Alberto reafirm\u00f3 su compromiso personal e institucional con el fortalecimiento del PRM y la continuidad de las transformaciones iniciadas por el presidente Abinader. \u201cSeguiremos en la calle, cerca del pueblo, defendiendo lo bueno y trabajando por lo que falta. Rep\u00fablica Dominicana va por buen camino y no podemos permitir retrocesos\u201d, concluy\u00f3.<img loading=\"lazy\" decoding=\"async\" class=\"size-medium wp-image-3450 alignright\" src=\"https:\/\/periodicolarepublica.com\/wp-content\/uploads\/2025\/06\/IMG_20250623_182203-300x171.jpg\" alt=\"\" width=\"300\" height=\"171\" srcset=\"https:\/\/periodicolarepublica.com\/wp-content\/uploads\/2025\/06\/IMG_20250623_182203-300x171.jpg?v=1750717540 300w, https:\/\/periodicolarepublica.com\/wp-content\/uploads\/2025\/06\/IMG_20250623_182203-1024x583.jpg?v=1750717540 1024w, https:\/\/periodicolarepublica.com\/wp-content\/uploads\/2025\/06\/IMG_20250623_182203-768x437.jpg?v=1750717540 768w, https:\/\/periodicolarepublica.com\/wp-content\/uploads\/2025\/06\/IMG_20250623_182203-1536x874.jpg?v=1750717540 1536w, https:\/\/periodicolarepublica.com\/wp-content\/uploads\/2025\/06\/IMG_20250623_182203-2048x1166.jpg?v=1750717540 2048w, https:\/\/periodicolarepublica.com\/wp-content\/uploads\/2025\/06\/IMG_20250623_182203-150x85.jpg?v=1750717540 150w, https:\/\/periodicolarepublica.com\/wp-content\/uploads\/2025\/06\/IMG_20250623_182203-600x342.jpg?v=1750717540 600w, https:\/\/periodicolarepublica.com\/wp-content\/uploads\/2025\/06\/IMG_20250623_182203-696x396.jpg?v=1750717540 696w, https:\/\/periodicolarepublica.com\/wp-content\/uploads\/2025\/06\/IMG_20250623_182203-1392x792.jpg?v=1750717540 1392w, https:\/\/periodicolarepublica.com\/wp-content\/uploads\/2025\/06\/IMG_20250623_182203-1068x608.jpg?v=1750717540 1068w, https:\/\/periodicolarepublica.com\/wp-content\/uploads\/2025\/06\/IMG_20250623_182203-1920x1093.jpg?v=1750717540 1920w\" sizes=\"auto, (max-width: 300px) 100vw, 300px\" \/><\/p>\n","protected":false},"excerpt":{"rendered":"<p>El l\u00edder del movimiento Poder P\u2019AL Pueblo resalta el compromiso del presidente Luis Abinader con el progreso nacional y llama a promover los logros de su gesti\u00f3n. Santo Domingo, R.D. \u2013 El ingeniero Tom\u00e1s Hern\u00e1ndez Alberto, presidente del movimiento Poder P\u2019AL Pueblo y miembro destacado del Partido Revolucionario Moderno (PRM), particip\u00f3 este lunes en el [&hellip;]<\/p>\n","protected":false},"author":10,"featured_media":3450,"comment_status":"open","ping_status":"open","sticky":false,"template":"","format":"standard","meta":{"om_disable_all_campaigns":false,"_monsterinsights_skip_tracking":false,"_monsterinsights_sitenote_active":false,"_monsterinsights_sitenote_note":"","_monsterinsights_sitenote_category":0,"footnotes":""},"categories":[1],"tags":[163],"class_list":{"0":"post-3449","1":"post","2":"type-post","3":"status-publish","4":"format-standard","5":"has-post-thumbnail","7":"category-nacionales","8":"tag-tomas-hernandez-alberto"},"aioseo_notices":[],"_links":{"self":[{"href":"https:\/\/periodicolarepublica.com\/index.php\/wp-json\/wp\/v2\/posts\/3449","targetHints":{"allow":["GET"]}}],"collection":[{"href":"https:\/\/periodicolarepublica.com\/index.php\/wp-json\/wp\/v2\/posts"}],"about":[{"href":"https:\/\/periodicolarepublica.com\/index.php\/wp-json\/wp\/v2\/types\/post"}],"author":[{"embeddable":true,"href":"https:\/\/periodicolarepublica.com\/index.php\/wp-json\/wp\/v2\/users\/10"}],"replies":[{"embeddable":true,"href":"https:\/\/periodicolarepublica.com\/index.php\/wp-json\/wp\/v2\/comments?post=3449"}],"version-history":[{"count":1,"href":"https:\/\/periodicolarepublica.com\/index.php\/wp-json\/wp\/v2\/posts\/3449\/revisions"}],"predecessor-version":[{"id":3451,"href":"https:\/\/periodicolarepublica.com\/index.php\/wp-json\/wp\/v2\/posts\/3449\/revisions\/3451"}],"wp:featuredmedia":[{"embeddable":true,"href":"https:\/\/periodicolarepublica.com\/index.php\/wp-json\/wp\/v2\/media\/3450"}],"wp:attachment":[{"href":"https:\/\/periodicolarepublica.com\/index.php\/wp-json\/wp\/v2\/media?parent=3449"}],"wp:term":[{"taxonomy":"category","embeddable":true,"href":"https:\/\/periodicolarepublica.com\/index.php\/wp-json\/wp\/v2\/categories?post=3449"},{"taxonomy":"post_tag","embeddable":true,"href":"https:\/\/periodicolarepublica.com\/index.php\/wp-json\/wp\/v2\/tags?post=3449"}],"curies":[{"name":"wp","href":"https:\/\/api.w.org\/{rel}","templated":true}]}}