{"id":3452,"date":"2025-06-24T01:45:44","date_gmt":"2025-06-23T23:45:44","guid":{"rendered":"https:\/\/periodicolarepublica.com\/?p=3452"},"modified":"2025-06-24T01:45:44","modified_gmt":"2025-06-23T23:45:44","slug":"hernandez-alberto-afirma-que-el-prm-avanza-con-lideres-preparados-para-continuar-el-legado-del-presidente-luis-abinader","status":"publish","type":"post","link":"https:\/\/periodicolarepublica.com\/index.php\/2025\/06\/24\/hernandez-alberto-afirma-que-el-prm-avanza-con-lideres-preparados-para-continuar-el-legado-del-presidente-luis-abinader\/","title":{"rendered":"Hern\u00e1ndez Alberto afirma que el PRM avanza con l\u00edderes preparados para continuar el legado del presidente Luis Abinader"},"content":{"rendered":"<p>Santo Domingo, R.D. \u2013 El ingeniero Tom\u00e1s Hern\u00e1ndez Alberto, presidente del Movimiento Poder P&#8217;AL Pueblo y dirigente destacado del Partido Revolucionario Moderno (PRM), afirm\u00f3 que el partido oficialista cuenta con una cantera de l\u00edderes y lideresas preparados para asumir el futuro de la naci\u00f3n, siempre y cuando se comprometan a promover las acciones positivas del gobierno del presidente Luis Abinader.<\/p>\n<p>&nbsp;<\/p>\n<p>Durante una intervenci\u00f3n reciente en medios de comunicaci\u00f3n, Hern\u00e1ndez Alberto sostuvo que \u201cel PRM avanza con figuras altamente capacitadas para asumir la presidencia, tanto mujeres como hombres, pero es necesario que esas figuras se concentren en vender y promover lo que ya se ha logrado bajo el gobierno del presidente Abinader\u201d.<\/p>\n<p>&nbsp;<\/p>\n<p>El l\u00edder del Movimiento Poder P\u2019AL Pueblo explic\u00f3 que el \u00e9xito de cualquier aspiraci\u00f3n futura dentro del PRM depender\u00e1 directamente de c\u00f3mo se cierre el actual mandato presidencial. \u201cSi Luis Abinader termina con un final feliz, uno de esos l\u00edderes ser\u00e1 quien asuma y siga su legado. Pero para lograr eso, todos deben aportar al presente, no distraerse en el futuro\u201d, puntualiz\u00f3.<\/p>\n<p>&nbsp;<\/p>\n<p>Hern\u00e1ndez Alberto destac\u00f3 que el presidente Abinader ha demostrado ser el mejor presidente de este siglo, no solo por su integridad y transparencia, sino tambi\u00e9n por las profundas transformaciones que ha impulsado en \u00e1reas clave como la econom\u00eda, la salud, la educaci\u00f3n y la institucionalidad democr\u00e1tica.<\/p>\n<p>&nbsp;<\/p>\n<p>En ese sentido, reiter\u00f3 que el principal compromiso del PRM y sus dirigentes debe ser respaldar, fortalecer y divulgar la obra de gobierno. \u201cLos precandidatos no deben caer en el error de promoverse a s\u00ed mismos sin reconocer el camino que ya se est\u00e1 construyendo. Primero, hay que cerrar bien el ciclo del presidente Luis Abinader\u201d, recalc\u00f3.<\/p>\n<p>&nbsp;<\/p>\n<p>El ingeniero tambi\u00e9n subray\u00f3 la importancia de mantener la unidad interna del partido y la madurez pol\u00edtica frente al proceso de renovaci\u00f3n que vendr\u00e1. \u201cEl PRM es hoy el partido m\u00e1s fuerte gracias a una gesti\u00f3n cre\u00edble. No debemos permitir que la ambici\u00f3n personal eclipse el bien com\u00fan\u201d, dijo.<\/p>\n<p>&nbsp;<\/p>\n<p>Asimismo, hizo un llamado a las bases del movimiento Poder P\u2019AL Pueblo a seguir trabajando con disciplina y compromiso, defendiendo cada logro del actual gobierno y consolidando la conexi\u00f3n con las comunidades, tanto a nivel nacional como en el exterior.<\/p>\n<p>&nbsp;<\/p>\n<p>Para finalizar, Tom\u00e1s Hern\u00e1ndez Alberto reiter\u00f3 que el PRM tiene el reto de construir el relevo pol\u00edtico desde el ejemplo y el resultado. \u201cNo hay mejor campa\u00f1a que una buena gesti\u00f3n. Si cerramos bien, abriremos el camino a un futuro prometedor y a una nueva generaci\u00f3n de l\u00edderes que sigan transformando la Rep\u00fablica Dominicana\u201d, concluy\u00f3.<img loading=\"lazy\" decoding=\"async\" class=\"size-medium wp-image-3453 alignright\" src=\"https:\/\/periodicolarepublica.com\/wp-content\/uploads\/2025\/06\/IMG_20250623_194301-300x179.jpg\" alt=\"\" width=\"300\" height=\"179\" srcset=\"https:\/\/periodicolarepublica.com\/wp-content\/uploads\/2025\/06\/IMG_20250623_194301-300x179.jpg?v=1750722327 300w, https:\/\/periodicolarepublica.com\/wp-content\/uploads\/2025\/06\/IMG_20250623_194301-1024x610.jpg?v=1750722327 1024w, https:\/\/periodicolarepublica.com\/wp-content\/uploads\/2025\/06\/IMG_20250623_194301-768x457.jpg?v=1750722327 768w, https:\/\/periodicolarepublica.com\/wp-content\/uploads\/2025\/06\/IMG_20250623_194301-150x89.jpg?v=1750722327 150w, https:\/\/periodicolarepublica.com\/wp-content\/uploads\/2025\/06\/IMG_20250623_194301-600x357.jpg?v=1750722327 600w, https:\/\/periodicolarepublica.com\/wp-content\/uploads\/2025\/06\/IMG_20250623_194301-696x414.jpg?v=1750722327 696w, https:\/\/periodicolarepublica.com\/wp-content\/uploads\/2025\/06\/IMG_20250623_194301.jpg?v=1750722327 1045w\" sizes=\"auto, (max-width: 300px) 100vw, 300px\" \/><\/p>\n","protected":false},"excerpt":{"rendered":"<p>Santo Domingo, R.D. \u2013 El ingeniero Tom\u00e1s Hern\u00e1ndez Alberto, presidente del Movimiento Poder P&#8217;AL Pueblo y dirigente destacado del Partido Revolucionario Moderno (PRM), afirm\u00f3 que el partido oficialista cuenta con una cantera de l\u00edderes y lideresas preparados para asumir el futuro de la naci\u00f3n, siempre y cuando se comprometan a promover las acciones positivas del [&hellip;]<\/p>\n","protected":false},"author":10,"featured_media":3453,"comment_status":"open","ping_status":"open","sticky":false,"template":"","format":"standard","meta":{"om_disable_all_campaigns":false,"_monsterinsights_skip_tracking":false,"_monsterinsights_sitenote_active":false,"_monsterinsights_sitenote_note":"","_monsterinsights_sitenote_category":0,"footnotes":""},"categories":[1],"tags":[163],"class_list":{"0":"post-3452","1":"post","2":"type-post","3":"status-publish","4":"format-standard","5":"has-post-thumbnail","7":"category-nacionales","8":"tag-tomas-hernandez-alberto"},"aioseo_notices":[],"_links":{"self":[{"href":"https:\/\/periodicolarepublica.com\/index.php\/wp-json\/wp\/v2\/posts\/3452","targetHints":{"allow":["GET"]}}],"collection":[{"href":"https:\/\/periodicolarepublica.com\/index.php\/wp-json\/wp\/v2\/posts"}],"about":[{"href":"https:\/\/periodicolarepublica.com\/index.php\/wp-json\/wp\/v2\/types\/post"}],"author":[{"embeddable":true,"href":"https:\/\/periodicolarepublica.com\/index.php\/wp-json\/wp\/v2\/users\/10"}],"replies":[{"embeddable":true,"href":"https:\/\/periodicolarepublica.com\/index.php\/wp-json\/wp\/v2\/comments?post=3452"}],"version-history":[{"count":1,"href":"https:\/\/periodicolarepublica.com\/index.php\/wp-json\/wp\/v2\/posts\/3452\/revisions"}],"predecessor-version":[{"id":3454,"href":"https:\/\/periodicolarepublica.com\/index.php\/wp-json\/wp\/v2\/posts\/3452\/revisions\/3454"}],"wp:featuredmedia":[{"embeddable":true,"href":"https:\/\/periodicolarepublica.com\/index.php\/wp-json\/wp\/v2\/media\/3453"}],"wp:attachment":[{"href":"https:\/\/periodicolarepublica.com\/index.php\/wp-json\/wp\/v2\/media?parent=3452"}],"wp:term":[{"taxonomy":"category","embeddable":true,"href":"https:\/\/periodicolarepublica.com\/index.php\/wp-json\/wp\/v2\/categories?post=3452"},{"taxonomy":"post_tag","embeddable":true,"href":"https:\/\/periodicolarepublica.com\/index.php\/wp-json\/wp\/v2\/tags?post=3452"}],"curies":[{"name":"wp","href":"https:\/\/api.w.org\/{rel}","templated":true}]}}