{"id":3458,"date":"2025-06-25T13:32:31","date_gmt":"2025-06-25T11:32:31","guid":{"rendered":"https:\/\/periodicolarepublica.com\/?p=3458"},"modified":"2025-06-25T13:32:31","modified_gmt":"2025-06-25T11:32:31","slug":"luis-abinader-y-el-candado-democratico-de-la-reeleccion","status":"publish","type":"post","link":"https:\/\/periodicolarepublica.com\/index.php\/2025\/06\/25\/luis-abinader-y-el-candado-democratico-de-la-reeleccion\/","title":{"rendered":"Luis Abinader y el candado democr\u00e1tico de la reelecci\u00f3n"},"content":{"rendered":"<p>En la historia democr\u00e1tica de la Rep\u00fablica Dominicana, pocos l\u00edderes han dejado huellas tan firmes como el presidente Luis Abinader. Su gesti\u00f3n no solo ha estado marcada por logros concretos en materia de transparencia, institucionalidad y desarrollo, sino tambi\u00e9n por una postura firme y coherente frente a un tema hist\u00f3ricamente pol\u00e9mico en nuestro pa\u00eds: la reelecci\u00f3n presidencial.<\/p>\n<p>Luego de ganar de manera leg\u00edtima y contundente su segundo mandato en las elecciones de 2024, Abinader dej\u00f3 claro que no buscar\u00eda un tercer per\u00edodo, ni por la v\u00eda pol\u00edtica ni por una posible reform constitucional. Este compromiso fue m\u00e1s all\u00e1 de las palabras. El 27 de octubre de ese mismo a\u00f1o, impuls\u00f3 La proclamaci\u00f3n de la nueva constituci\u00f3n de la Rep\u00fablica Dominicana, que sell\u00f3 definitivamente la imposibilidad de que un presidente en funciones pueda modificar la Constituci\u00f3n para beneficiarse y optar por otro per\u00edodo consecutivo.<\/p>\n<p>Este \u201ccandado democr\u00e1tico\u201d, como muchos lo han llamado, representa un acto de madurez institucional pocas veces visto en la regi\u00f3n. En un continente donde varios presidentes han manipulado sus constituciones para perpetuarse en el poder, Luis Abinader tom\u00f3 el camino opuesto: el del desprendimiento personal por el bien de la democracia dominicana.<\/p>\n<p>No hay duda de que Abinader cuenta con el respaldo popular para seguir gobernando. Su administraci\u00f3n ha mostrado una lucha frontal contra la corrupci\u00f3n, fortalecimiento de la independencia judicial, crecimiento econ\u00f3mico, inversiones extranjeras hist\u00f3ricas y mejoras en la infraestructura y servicios p\u00fablicos. Cualquier otro l\u00edder en su posici\u00f3n podr\u00eda haber ca\u00eddo en la tentaci\u00f3n de continuar en el poder. Pero Abinader prefiri\u00f3 hacer historia por la v\u00eda del ejemplo.<\/p>\n<p>El mandatario ha entendido que su legado no debe medirse en a\u00f1os, sino en impacto. Lo que ha sembrado en t\u00e9rminos de institucionalidad, credibilidad internacional y confianza ciudadana trasciende cualquier reelecci\u00f3n. Con esta reforma, Abinader no solo blind\u00f3 el sistema democr\u00e1tico, sino que elev\u00f3 el est\u00e1ndar de lo que se espera de un verdadero estadista.<\/p>\n<p>Luis Abinader ha demostrado que se puede gobernar con firmeza sin debilitar la democracia. Ha construido una narrativa de progreso sin populismo, de liderazgo sin caudillismo. Y ha logrado que muchos dominicanos recuperen la esperanza en la pol\u00edtica como instrumento de cambio real.<\/p>\n<p>Cuando finalice su mandato el 16 de agosto de 2028, lo har\u00e1 como el presidente m\u00e1s valorado de este siglo. Pero lejos de retirarse por completo, se ha comprometido a seguir aportando desde su partido, el PRM, como garante de los procesos democr\u00e1ticos y promotor de nuevas generaciones de l\u00edderes que contin\u00faen el camino iniciado en 2020.<\/p>\n<p>El rol que jugar\u00e1 Abinader fuera del poder ser\u00e1 igualmente crucial. Su experiencia, visi\u00f3n de pa\u00eds y \u00e9tica ser\u00e1n clave para fortalecer a\u00fan m\u00e1s la institucionalidad y para evitar que fuerzas retr\u00f3gradas vuelvan a poner en peligro los avances conquistados. \u00c9l ha demostrado que se puede ser l\u00edder sin necesidad de aferrarse al poder.<\/p>\n<p>El pa\u00eds necesita figuras como Luis Abinader: coherentes, democr\u00e1ticas y con una visi\u00f3n a largo plazo. Su decisi\u00f3n de no buscar un tercer mandato no fue una renuncia, sino una victoria \u00e9tica y pol\u00edtica que lo coloca en el pedestal de los grandes l\u00edderes de nuestra historia republicana.<\/p>\n<p>La democracia dominicana sale fortalecida. Y con ella, todos los dominicanos que sue\u00f1an con un pa\u00eds m\u00e1s justo, m\u00e1s moderno y m\u00e1s institucional. El presidente Abinader ha dejado la vara muy alta, no solo para su partido, sino para todo aquel que aspire a gobernar esta naci\u00f3n con dignidad.<img loading=\"lazy\" decoding=\"async\" class=\"size-medium wp-image-3459 alignright\" src=\"https:\/\/periodicolarepublica.com\/wp-content\/uploads\/2025\/06\/IMG_20250625_072323-272x300.jpg\" alt=\"\" width=\"272\" height=\"300\" srcset=\"https:\/\/periodicolarepublica.com\/wp-content\/uploads\/2025\/06\/IMG_20250625_072323-272x300.jpg?v=1750851128 272w, https:\/\/periodicolarepublica.com\/wp-content\/uploads\/2025\/06\/IMG_20250625_072323-928x1024.jpg?v=1750851128 928w, https:\/\/periodicolarepublica.com\/wp-content\/uploads\/2025\/06\/IMG_20250625_072323-768x847.jpg?v=1750851128 768w, https:\/\/periodicolarepublica.com\/wp-content\/uploads\/2025\/06\/IMG_20250625_072323-1393x1536.jpg?v=1750851128 1393w, https:\/\/periodicolarepublica.com\/wp-content\/uploads\/2025\/06\/IMG_20250625_072323-1857x2048.jpg?v=1750851128 1857w, https:\/\/periodicolarepublica.com\/wp-content\/uploads\/2025\/06\/IMG_20250625_072323-150x165.jpg?v=1750851128 150w, https:\/\/periodicolarepublica.com\/wp-content\/uploads\/2025\/06\/IMG_20250625_072323-300x331.jpg?v=1750851128 300w, https:\/\/periodicolarepublica.com\/wp-content\/uploads\/2025\/06\/IMG_20250625_072323-600x662.jpg?v=1750851128 600w, https:\/\/periodicolarepublica.com\/wp-content\/uploads\/2025\/06\/IMG_20250625_072323-696x768.jpg?v=1750851128 696w, https:\/\/periodicolarepublica.com\/wp-content\/uploads\/2025\/06\/IMG_20250625_072323-1392x1535.jpg?v=1750851128 1392w, https:\/\/periodicolarepublica.com\/wp-content\/uploads\/2025\/06\/IMG_20250625_072323-1068x1178.jpg?v=1750851128 1068w, https:\/\/periodicolarepublica.com\/wp-content\/uploads\/2025\/06\/IMG_20250625_072323-1920x2118.jpg?v=1750851128 1920w\" sizes=\"auto, (max-width: 272px) 100vw, 272px\" \/><\/p>\n","protected":false},"excerpt":{"rendered":"<p>En la historia democr\u00e1tica de la Rep\u00fablica Dominicana, pocos l\u00edderes han dejado huellas tan firmes como el presidente Luis Abinader. Su gesti\u00f3n no solo ha estado marcada por logros concretos en materia de transparencia, institucionalidad y desarrollo, sino tambi\u00e9n por una postura firme y coherente frente a un tema hist\u00f3ricamente pol\u00e9mico en nuestro pa\u00eds: la [&hellip;]<\/p>\n","protected":false},"author":10,"featured_media":3459,"comment_status":"open","ping_status":"open","sticky":false,"template":"","format":"standard","meta":{"om_disable_all_campaigns":false,"_monsterinsights_skip_tracking":false,"_monsterinsights_sitenote_active":false,"_monsterinsights_sitenote_note":"","_monsterinsights_sitenote_category":0,"footnotes":""},"categories":[1],"tags":[163],"class_list":{"0":"post-3458","1":"post","2":"type-post","3":"status-publish","4":"format-standard","5":"has-post-thumbnail","7":"category-nacionales","8":"tag-tomas-hernandez-alberto"},"aioseo_notices":[],"_links":{"self":[{"href":"https:\/\/periodicolarepublica.com\/index.php\/wp-json\/wp\/v2\/posts\/3458","targetHints":{"allow":["GET"]}}],"collection":[{"href":"https:\/\/periodicolarepublica.com\/index.php\/wp-json\/wp\/v2\/posts"}],"about":[{"href":"https:\/\/periodicolarepublica.com\/index.php\/wp-json\/wp\/v2\/types\/post"}],"author":[{"embeddable":true,"href":"https:\/\/periodicolarepublica.com\/index.php\/wp-json\/wp\/v2\/users\/10"}],"replies":[{"embeddable":true,"href":"https:\/\/periodicolarepublica.com\/index.php\/wp-json\/wp\/v2\/comments?post=3458"}],"version-history":[{"count":1,"href":"https:\/\/periodicolarepublica.com\/index.php\/wp-json\/wp\/v2\/posts\/3458\/revisions"}],"predecessor-version":[{"id":3460,"href":"https:\/\/periodicolarepublica.com\/index.php\/wp-json\/wp\/v2\/posts\/3458\/revisions\/3460"}],"wp:featuredmedia":[{"embeddable":true,"href":"https:\/\/periodicolarepublica.com\/index.php\/wp-json\/wp\/v2\/media\/3459"}],"wp:attachment":[{"href":"https:\/\/periodicolarepublica.com\/index.php\/wp-json\/wp\/v2\/media?parent=3458"}],"wp:term":[{"taxonomy":"category","embeddable":true,"href":"https:\/\/periodicolarepublica.com\/index.php\/wp-json\/wp\/v2\/categories?post=3458"},{"taxonomy":"post_tag","embeddable":true,"href":"https:\/\/periodicolarepublica.com\/index.php\/wp-json\/wp\/v2\/tags?post=3458"}],"curies":[{"name":"wp","href":"https:\/\/api.w.org\/{rel}","templated":true}]}}