{"id":3461,"date":"2025-06-25T19:40:56","date_gmt":"2025-06-25T17:40:56","guid":{"rendered":"https:\/\/periodicolarepublica.com\/?p=3461"},"modified":"2025-06-25T19:40:56","modified_gmt":"2025-06-25T17:40:56","slug":"collado-y-arajet-anuncian-nueva-ruta-a-cordoba-a-partir-de-noviembre","status":"publish","type":"post","link":"https:\/\/periodicolarepublica.com\/index.php\/2025\/06\/25\/collado-y-arajet-anuncian-nueva-ruta-a-cordoba-a-partir-de-noviembre\/","title":{"rendered":"Collado y Arajet anuncian nueva ruta a C\u00f3rdoba a partir de noviembre"},"content":{"rendered":"<p>En total Arajet acabar\u00e1 el 2025 con 18 vuelos semanales entre Rep\u00fablica Dominicana y Argentina, un hito hist\u00f3rico en lo que respecta a conexi\u00f3n directa entre ambos pa\u00edses<\/p>\n<p>Buenos Aires Argentina \u2013 El ministro de turismo, David Collado y la aerol\u00ednea bandera nacional Arajet, anunciaron hoy la apertura de una nueva ruta directa entre la ciudad de C\u00f3rdoba, Argentina y el paradisiaco destino de Punta Cana, Rep\u00fablica Dominicana.<\/p>\n<p>Esta nueva conexi\u00f3n consolida el compromiso de la aerol\u00ednea de continuar ampliando la conectividad a\u00e9rea entre Am\u00e9rica del Sur y el Caribe, y seguir consolidando a Rep\u00fablica Dominicana como el destino tur\u00edstico por excelencia de los argentinos, as\u00ed como tambi\u00e9n posicionar al pa\u00eds como el nuevo Hub a\u00e9reo del Continente Americano.<\/p>\n<p>Con esta nueva ruta, Arajet se convierte en la primera aerol\u00ednea internacional en ofrecer vuelos directos entre C\u00f3rdoba y Punta Cana, brindando a los viajeros argentinos una opci\u00f3n accesible y c\u00f3moda para disfrutar de las playas, cultura y hospitalidad dominicana.<\/p>\n<p><img loading=\"lazy\" decoding=\"async\" class=\"alignnone size-medium wp-image-2109\" src=\"https:\/\/periodicolarepublica.com\/wp-content\/uploads\/2024\/11\/Boeing_737_Max_-_HI1101_-_Arajet-300x200.jpg\" alt=\"\" width=\"300\" height=\"200\" srcset=\"https:\/\/periodicolarepublica.com\/wp-content\/uploads\/2024\/11\/Boeing_737_Max_-_HI1101_-_Arajet-300x200.jpg?v=1731517413 300w, https:\/\/periodicolarepublica.com\/wp-content\/uploads\/2024\/11\/Boeing_737_Max_-_HI1101_-_Arajet-1024x683.jpg?v=1731517413 1024w, https:\/\/periodicolarepublica.com\/wp-content\/uploads\/2024\/11\/Boeing_737_Max_-_HI1101_-_Arajet-768x512.jpg?v=1731517413 768w, https:\/\/periodicolarepublica.com\/wp-content\/uploads\/2024\/11\/Boeing_737_Max_-_HI1101_-_Arajet-150x100.jpg?v=1731517413 150w, https:\/\/periodicolarepublica.com\/wp-content\/uploads\/2024\/11\/Boeing_737_Max_-_HI1101_-_Arajet-600x400.jpg?v=1731517413 600w, https:\/\/periodicolarepublica.com\/wp-content\/uploads\/2024\/11\/Boeing_737_Max_-_HI1101_-_Arajet-696x464.jpg?v=1731517413 696w, https:\/\/periodicolarepublica.com\/wp-content\/uploads\/2024\/11\/Boeing_737_Max_-_HI1101_-_Arajet-1068x712.jpg?v=1731517413 1068w, https:\/\/periodicolarepublica.com\/wp-content\/uploads\/2024\/11\/Boeing_737_Max_-_HI1101_-_Arajet.jpg?v=1731517413 1200w\" sizes=\"auto, (max-width: 300px) 100vw, 300px\" \/><\/p>\n","protected":false},"excerpt":{"rendered":"<p>En total Arajet acabar\u00e1 el 2025 con 18 vuelos semanales entre Rep\u00fablica Dominicana y Argentina, un hito hist\u00f3rico en lo que respecta a conexi\u00f3n directa entre ambos pa\u00edses Buenos Aires Argentina \u2013 El ministro de turismo, David Collado y la aerol\u00ednea bandera nacional Arajet, anunciaron hoy la apertura de una nueva ruta directa entre la [&hellip;]<\/p>\n","protected":false},"author":6,"featured_media":2109,"comment_status":"open","ping_status":"open","sticky":false,"template":"","format":"standard","meta":{"om_disable_all_campaigns":false,"_monsterinsights_skip_tracking":false,"_monsterinsights_sitenote_active":false,"_monsterinsights_sitenote_note":"","_monsterinsights_sitenote_category":0,"footnotes":""},"categories":[1],"tags":[288,106],"class_list":{"0":"post-3461","1":"post","2":"type-post","3":"status-publish","4":"format-standard","5":"has-post-thumbnail","7":"category-nacionales","8":"tag-arajet-com","9":"tag-boletos-aereos"},"aioseo_notices":[],"_links":{"self":[{"href":"https:\/\/periodicolarepublica.com\/index.php\/wp-json\/wp\/v2\/posts\/3461","targetHints":{"allow":["GET"]}}],"collection":[{"href":"https:\/\/periodicolarepublica.com\/index.php\/wp-json\/wp\/v2\/posts"}],"about":[{"href":"https:\/\/periodicolarepublica.com\/index.php\/wp-json\/wp\/v2\/types\/post"}],"author":[{"embeddable":true,"href":"https:\/\/periodicolarepublica.com\/index.php\/wp-json\/wp\/v2\/users\/6"}],"replies":[{"embeddable":true,"href":"https:\/\/periodicolarepublica.com\/index.php\/wp-json\/wp\/v2\/comments?post=3461"}],"version-history":[{"count":1,"href":"https:\/\/periodicolarepublica.com\/index.php\/wp-json\/wp\/v2\/posts\/3461\/revisions"}],"predecessor-version":[{"id":3462,"href":"https:\/\/periodicolarepublica.com\/index.php\/wp-json\/wp\/v2\/posts\/3461\/revisions\/3462"}],"wp:featuredmedia":[{"embeddable":true,"href":"https:\/\/periodicolarepublica.com\/index.php\/wp-json\/wp\/v2\/media\/2109"}],"wp:attachment":[{"href":"https:\/\/periodicolarepublica.com\/index.php\/wp-json\/wp\/v2\/media?parent=3461"}],"wp:term":[{"taxonomy":"category","embeddable":true,"href":"https:\/\/periodicolarepublica.com\/index.php\/wp-json\/wp\/v2\/categories?post=3461"},{"taxonomy":"post_tag","embeddable":true,"href":"https:\/\/periodicolarepublica.com\/index.php\/wp-json\/wp\/v2\/tags?post=3461"}],"curies":[{"name":"wp","href":"https:\/\/api.w.org\/{rel}","templated":true}]}}