{"id":3466,"date":"2025-06-25T19:55:10","date_gmt":"2025-06-25T17:55:10","guid":{"rendered":"https:\/\/periodicolarepublica.com\/?p=3466"},"modified":"2025-06-25T19:55:10","modified_gmt":"2025-06-25T17:55:10","slug":"primera-dama-y-sns-dejan-en-funcionamiento-area-de-consultas-hospital-infantil-dr-jose-manuel-rodriguez","status":"publish","type":"post","link":"https:\/\/periodicolarepublica.com\/index.php\/2025\/06\/25\/primera-dama-y-sns-dejan-en-funcionamiento-area-de-consultas-hospital-infantil-dr-jose-manuel-rodriguez\/","title":{"rendered":"Primera dama y SNS dejan en funcionamiento \u00e1rea de Consultas Hospital Infantil Dr. Jos\u00e9 Manuel Rodr\u00edguez"},"content":{"rendered":"<p>La primera dama de la Rep\u00fablica, Raquel Arbaje, y el director del Servicio Nacional de Salud (SNS), doctor Mario Lama, dejaron en funcionamiento este martes la renovada \u00e1rea de Consultas Externas del Hospital Infantil Dr. Jos\u00e9 Manuel Rodr\u00edguez, antiguo Santo Socorro, ubicado en el Distrito Nacional.<\/p>\n<p>La intervenci\u00f3n forma parte de las acciones del Gobierno para dignificar los servicios de salud en beneficio de la ni\u00f1ez dominicana, con una inversi\u00f3n total de RD$ 18,882,506.22, destinada al remozamiento de infraestructura y equipamiento de este centro, adscrito al Servicio Regional de Salud Metropolitano (SRSM).<\/p>\n<p><img loading=\"lazy\" decoding=\"async\" class=\"alignnone size-medium wp-image-3101\" src=\"https:\/\/periodicolarepublica.com\/wp-content\/uploads\/2025\/04\/25da67824c9f1869e8ef3eacb5d2ced0_XL-1-300x137.jpg\" alt=\"\" width=\"300\" height=\"137\" srcset=\"https:\/\/periodicolarepublica.com\/wp-content\/uploads\/2025\/04\/25da67824c9f1869e8ef3eacb5d2ced0_XL-1-300x137.jpg 300w, https:\/\/periodicolarepublica.com\/wp-content\/uploads\/2025\/04\/25da67824c9f1869e8ef3eacb5d2ced0_XL-1-768x351.jpg 768w, https:\/\/periodicolarepublica.com\/wp-content\/uploads\/2025\/04\/25da67824c9f1869e8ef3eacb5d2ced0_XL-1-150x69.jpg 150w, https:\/\/periodicolarepublica.com\/wp-content\/uploads\/2025\/04\/25da67824c9f1869e8ef3eacb5d2ced0_XL-1-600x274.jpg 600w, https:\/\/periodicolarepublica.com\/wp-content\/uploads\/2025\/04\/25da67824c9f1869e8ef3eacb5d2ced0_XL-1-696x318.jpg 696w, https:\/\/periodicolarepublica.com\/wp-content\/uploads\/2025\/04\/25da67824c9f1869e8ef3eacb5d2ced0_XL-1.jpg 900w\" sizes=\"auto, (max-width: 300px) 100vw, 300px\" \/><\/p>\n","protected":false},"excerpt":{"rendered":"<p>La primera dama de la Rep\u00fablica, Raquel Arbaje, y el director del Servicio Nacional de Salud (SNS), doctor Mario Lama, dejaron en funcionamiento este martes la renovada \u00e1rea de Consultas Externas del Hospital Infantil Dr. Jos\u00e9 Manuel Rodr\u00edguez, antiguo Santo Socorro, ubicado en el Distrito Nacional. La intervenci\u00f3n forma parte de las acciones del Gobierno [&hellip;]<\/p>\n","protected":false},"author":6,"featured_media":3101,"comment_status":"open","ping_status":"open","sticky":false,"template":"","format":"standard","meta":{"om_disable_all_campaigns":false,"_monsterinsights_skip_tracking":false,"_monsterinsights_sitenote_active":false,"_monsterinsights_sitenote_note":"","_monsterinsights_sitenote_category":0,"footnotes":""},"categories":[1],"tags":[],"class_list":{"0":"post-3466","1":"post","2":"type-post","3":"status-publish","4":"format-standard","5":"has-post-thumbnail","7":"category-nacionales"},"aioseo_notices":[],"_links":{"self":[{"href":"https:\/\/periodicolarepublica.com\/index.php\/wp-json\/wp\/v2\/posts\/3466","targetHints":{"allow":["GET"]}}],"collection":[{"href":"https:\/\/periodicolarepublica.com\/index.php\/wp-json\/wp\/v2\/posts"}],"about":[{"href":"https:\/\/periodicolarepublica.com\/index.php\/wp-json\/wp\/v2\/types\/post"}],"author":[{"embeddable":true,"href":"https:\/\/periodicolarepublica.com\/index.php\/wp-json\/wp\/v2\/users\/6"}],"replies":[{"embeddable":true,"href":"https:\/\/periodicolarepublica.com\/index.php\/wp-json\/wp\/v2\/comments?post=3466"}],"version-history":[{"count":1,"href":"https:\/\/periodicolarepublica.com\/index.php\/wp-json\/wp\/v2\/posts\/3466\/revisions"}],"predecessor-version":[{"id":3467,"href":"https:\/\/periodicolarepublica.com\/index.php\/wp-json\/wp\/v2\/posts\/3466\/revisions\/3467"}],"wp:featuredmedia":[{"embeddable":true,"href":"https:\/\/periodicolarepublica.com\/index.php\/wp-json\/wp\/v2\/media\/3101"}],"wp:attachment":[{"href":"https:\/\/periodicolarepublica.com\/index.php\/wp-json\/wp\/v2\/media?parent=3466"}],"wp:term":[{"taxonomy":"category","embeddable":true,"href":"https:\/\/periodicolarepublica.com\/index.php\/wp-json\/wp\/v2\/categories?post=3466"},{"taxonomy":"post_tag","embeddable":true,"href":"https:\/\/periodicolarepublica.com\/index.php\/wp-json\/wp\/v2\/tags?post=3466"}],"curies":[{"name":"wp","href":"https:\/\/api.w.org\/{rel}","templated":true}]}}