{"id":3468,"date":"2025-06-25T19:59:20","date_gmt":"2025-06-25T17:59:20","guid":{"rendered":"https:\/\/periodicolarepublica.com\/?p=3468"},"modified":"2025-06-25T19:59:20","modified_gmt":"2025-06-25T17:59:20","slug":"senado-aprobo-en-segunda-lectura-ley-que-declara-dia-del-cooperativismo-en-rd","status":"publish","type":"post","link":"https:\/\/periodicolarepublica.com\/index.php\/2025\/06\/25\/senado-aprobo-en-segunda-lectura-ley-que-declara-dia-del-cooperativismo-en-rd\/","title":{"rendered":"Senado aprob\u00f3 en segunda lectura ley que declara D\u00eda del Cooperativismo en RD"},"content":{"rendered":"<p>El Senado de la Rep\u00fablica aprob\u00f3 en segunda lectura el proyecto de ley que declara el 25 de octubre de cada a\u00f1o como D\u00eda del Cooperativismo en la Rep\u00fablica Dominicana, presentado por el senador de la provincia Peravia, Julito Fulcar Encarnaci\u00f3n.<\/p>\n<p>El proyecto fue sometido considerando que las cooperativas son organizaciones socio econ\u00f3micas que act\u00faan apegadas a los principios de transparencia en el manejo de los recursos econ\u00f3micos y financieros de los socios, igualdad de oportunidades, responsabilidad social, participaci\u00f3n ciudadana y solidaridad.<\/p>\n<p><img loading=\"lazy\" decoding=\"async\" class=\"alignnone size-medium wp-image-2646\" src=\"https:\/\/periodicolarepublica.com\/wp-content\/uploads\/2025\/02\/foto-evento2-300x200.jpeg\" alt=\"\" width=\"300\" height=\"200\" srcset=\"https:\/\/periodicolarepublica.com\/wp-content\/uploads\/2025\/02\/foto-evento2-300x200.jpeg?v=1738812282 300w, https:\/\/periodicolarepublica.com\/wp-content\/uploads\/2025\/02\/foto-evento2-1024x681.jpeg?v=1738812282 1024w, https:\/\/periodicolarepublica.com\/wp-content\/uploads\/2025\/02\/foto-evento2-768x511.jpeg?v=1738812282 768w, https:\/\/periodicolarepublica.com\/wp-content\/uploads\/2025\/02\/foto-evento2-1536x1022.jpeg?v=1738812282 1536w, https:\/\/periodicolarepublica.com\/wp-content\/uploads\/2025\/02\/foto-evento2-2048x1362.jpeg?v=1738812282 2048w, https:\/\/periodicolarepublica.com\/wp-content\/uploads\/2025\/02\/foto-evento2-150x100.jpeg?v=1738812282 150w, https:\/\/periodicolarepublica.com\/wp-content\/uploads\/2025\/02\/foto-evento2-600x399.jpeg?v=1738812282 600w, https:\/\/periodicolarepublica.com\/wp-content\/uploads\/2025\/02\/foto-evento2-696x463.jpeg?v=1738812282 696w, https:\/\/periodicolarepublica.com\/wp-content\/uploads\/2025\/02\/foto-evento2-1392x926.jpeg?v=1738812282 1392w, https:\/\/periodicolarepublica.com\/wp-content\/uploads\/2025\/02\/foto-evento2-1068x710.jpeg?v=1738812282 1068w, https:\/\/periodicolarepublica.com\/wp-content\/uploads\/2025\/02\/foto-evento2-1920x1277.jpeg?v=1738812282 1920w\" sizes=\"auto, (max-width: 300px) 100vw, 300px\" \/><\/p>\n<p>&nbsp;<\/p>\n<p>&nbsp;<\/p>\n","protected":false},"excerpt":{"rendered":"<p>El Senado de la Rep\u00fablica aprob\u00f3 en segunda lectura el proyecto de ley que declara el 25 de octubre de cada a\u00f1o como D\u00eda del Cooperativismo en la Rep\u00fablica Dominicana, presentado por el senador de la provincia Peravia, Julito Fulcar Encarnaci\u00f3n. El proyecto fue sometido considerando que las cooperativas son organizaciones socio econ\u00f3micas que act\u00faan [&hellip;]<\/p>\n","protected":false},"author":6,"featured_media":2646,"comment_status":"open","ping_status":"open","sticky":false,"template":"","format":"standard","meta":{"om_disable_all_campaigns":false,"_monsterinsights_skip_tracking":false,"_monsterinsights_sitenote_active":false,"_monsterinsights_sitenote_note":"","_monsterinsights_sitenote_category":0,"footnotes":""},"categories":[1],"tags":[],"class_list":{"0":"post-3468","1":"post","2":"type-post","3":"status-publish","4":"format-standard","5":"has-post-thumbnail","7":"category-nacionales"},"aioseo_notices":[],"_links":{"self":[{"href":"https:\/\/periodicolarepublica.com\/index.php\/wp-json\/wp\/v2\/posts\/3468","targetHints":{"allow":["GET"]}}],"collection":[{"href":"https:\/\/periodicolarepublica.com\/index.php\/wp-json\/wp\/v2\/posts"}],"about":[{"href":"https:\/\/periodicolarepublica.com\/index.php\/wp-json\/wp\/v2\/types\/post"}],"author":[{"embeddable":true,"href":"https:\/\/periodicolarepublica.com\/index.php\/wp-json\/wp\/v2\/users\/6"}],"replies":[{"embeddable":true,"href":"https:\/\/periodicolarepublica.com\/index.php\/wp-json\/wp\/v2\/comments?post=3468"}],"version-history":[{"count":1,"href":"https:\/\/periodicolarepublica.com\/index.php\/wp-json\/wp\/v2\/posts\/3468\/revisions"}],"predecessor-version":[{"id":3469,"href":"https:\/\/periodicolarepublica.com\/index.php\/wp-json\/wp\/v2\/posts\/3468\/revisions\/3469"}],"wp:featuredmedia":[{"embeddable":true,"href":"https:\/\/periodicolarepublica.com\/index.php\/wp-json\/wp\/v2\/media\/2646"}],"wp:attachment":[{"href":"https:\/\/periodicolarepublica.com\/index.php\/wp-json\/wp\/v2\/media?parent=3468"}],"wp:term":[{"taxonomy":"category","embeddable":true,"href":"https:\/\/periodicolarepublica.com\/index.php\/wp-json\/wp\/v2\/categories?post=3468"},{"taxonomy":"post_tag","embeddable":true,"href":"https:\/\/periodicolarepublica.com\/index.php\/wp-json\/wp\/v2\/tags?post=3468"}],"curies":[{"name":"wp","href":"https:\/\/api.w.org\/{rel}","templated":true}]}}