{"id":3470,"date":"2025-06-25T20:45:43","date_gmt":"2025-06-25T18:45:43","guid":{"rendered":"https:\/\/periodicolarepublica.com\/?p=3470"},"modified":"2025-06-25T20:46:38","modified_gmt":"2025-06-25T18:46:38","slug":"3470","status":"publish","type":"post","link":"https:\/\/periodicolarepublica.com\/index.php\/2025\/06\/25\/3470\/","title":{"rendered":"GALA Media Group celebra tercera edici\u00f3n del Premio Mujer de Hoy"},"content":{"rendered":"<p>En una emotiva ceremonia realizada por GALA Media Group,\u00a0 la cual celebr\u00f3 la tercera edici\u00f3n del Premio Mujer de Hoy, un reconocimiento que destaca el liderazgo, la trayectoria y los aportes de mujeres influyentes en distintos sectores de la Rep\u00fablica Dominicana.<\/p>\n<p>El galard\u00f3n Empresaria del A\u00f1o fue otorgado a Ligia Bonetti Du-Breil, presidenta ejecutiva del Grupo SID, quien en sus palabras resalt\u00f3 la importancia del compromiso y la visi\u00f3n como ejes para avanzar en el desarrollo econ\u00f3mico y social del pa\u00eds.<\/p>\n<p>Asimismo, fueron reconocidas como Mujer del Hoy:<\/p>\n<p>Raquel Pe\u00f1a, vicepresidenta de la Rep\u00fablica,<\/p>\n<p>Laura Pe\u00f1a Izquierdo, presidenta de COPARDOM,<\/p>\n<p>Odile Camilo Vincent, rectora de UNIBE,<\/p>\n<p>Mercedes Capell\u00e1n de Lama, presidenta del Grupo M.<\/p>\n<p>Los reconocimientos fueron entregados por los senadores Omar Fern\u00e1ndez (Distrito Nacional) y Gustavo Lara (San Crist\u00f3bal).<\/p>\n<p>Durante el evento tambi\u00e9n se llev\u00f3 a cabo el foro \u201cBusiness: Perspectivas Femeninas, Liderando el Cambio\u201d, moderado por Biviana Riveiro, directora ejecutiva de ProDominicana. En el panel, Capell\u00e1n, Camilo Vincent y Pe\u00f1a Izquierdo compartieron sus experiencias en torno al liderazgo femenino, la innovaci\u00f3n, la educaci\u00f3n superior y la inclusi\u00f3n de mujeres en sectores tradicionalmente masculinizados.<\/p>\n<p>La actividad concluy\u00f3 con un llamado a seguir promoviendo espacios que impulsen el protagonismo femenino en todos los \u00e1mbitos de la sociedad dominicana.<\/p>\n<p>Entre las personalidades asistentes estuvieron Carlos Bonilla, ministro de Vivienda; Jos\u00e9 Julio G\u00f3mez, embajador en China; las senadoras Ginette Bournigal (Puerto Plata) y L\u00eda D\u00edaz (Az\u00faa); as\u00ed como las diputadas Liz Mieses y Selinee M\u00e9ndez, entre otras autoridades.<\/p>\n<p>El evento fue organizado por GALA Media Group, empresa dirigida por Ruddy De los Santos, reconocida por la producci\u00f3n de contenidos y eventos que generan impacto positivo en la sociedad.<\/p>\n<p><img loading=\"lazy\" decoding=\"async\" class=\"alignnone size-medium wp-image-3471\" src=\"https:\/\/periodicolarepublica.com\/wp-content\/uploads\/2025\/06\/IMG_20250625_144449-300x212.jpg\" alt=\"\" width=\"300\" height=\"212\" srcset=\"https:\/\/periodicolarepublica.com\/wp-content\/uploads\/2025\/06\/IMG_20250625_144449-300x212.jpg 300w, https:\/\/periodicolarepublica.com\/wp-content\/uploads\/2025\/06\/IMG_20250625_144449-150x106.jpg 150w, https:\/\/periodicolarepublica.com\/wp-content\/uploads\/2025\/06\/IMG_20250625_144449-600x424.jpg 600w, https:\/\/periodicolarepublica.com\/wp-content\/uploads\/2025\/06\/IMG_20250625_144449-696x492.jpg 696w, https:\/\/periodicolarepublica.com\/wp-content\/uploads\/2025\/06\/IMG_20250625_144449-100x70.jpg 100w, https:\/\/periodicolarepublica.com\/wp-content\/uploads\/2025\/06\/IMG_20250625_144449-200x140.jpg 200w, https:\/\/periodicolarepublica.com\/wp-content\/uploads\/2025\/06\/IMG_20250625_144449.jpg 720w\" sizes=\"auto, (max-width: 300px) 100vw, 300px\" \/><\/p>\n","protected":false},"excerpt":{"rendered":"<p>En una emotiva ceremonia realizada por GALA Media Group,\u00a0 la cual celebr\u00f3 la tercera edici\u00f3n del Premio Mujer de Hoy, un reconocimiento que destaca el liderazgo, la trayectoria y los aportes de mujeres influyentes en distintos sectores de la Rep\u00fablica Dominicana. El galard\u00f3n Empresaria del A\u00f1o fue otorgado a Ligia Bonetti Du-Breil, presidenta ejecutiva del [&hellip;]<\/p>\n","protected":false},"author":1,"featured_media":3471,"comment_status":"open","ping_status":"open","sticky":false,"template":"","format":"standard","meta":{"om_disable_all_campaigns":false,"_monsterinsights_skip_tracking":false,"_monsterinsights_sitenote_active":false,"_monsterinsights_sitenote_note":"","_monsterinsights_sitenote_category":0,"footnotes":""},"categories":[1],"tags":[],"class_list":{"0":"post-3470","1":"post","2":"type-post","3":"status-publish","4":"format-standard","5":"has-post-thumbnail","7":"category-nacionales"},"aioseo_notices":[],"_links":{"self":[{"href":"https:\/\/periodicolarepublica.com\/index.php\/wp-json\/wp\/v2\/posts\/3470","targetHints":{"allow":["GET"]}}],"collection":[{"href":"https:\/\/periodicolarepublica.com\/index.php\/wp-json\/wp\/v2\/posts"}],"about":[{"href":"https:\/\/periodicolarepublica.com\/index.php\/wp-json\/wp\/v2\/types\/post"}],"author":[{"embeddable":true,"href":"https:\/\/periodicolarepublica.com\/index.php\/wp-json\/wp\/v2\/users\/1"}],"replies":[{"embeddable":true,"href":"https:\/\/periodicolarepublica.com\/index.php\/wp-json\/wp\/v2\/comments?post=3470"}],"version-history":[{"count":2,"href":"https:\/\/periodicolarepublica.com\/index.php\/wp-json\/wp\/v2\/posts\/3470\/revisions"}],"predecessor-version":[{"id":3473,"href":"https:\/\/periodicolarepublica.com\/index.php\/wp-json\/wp\/v2\/posts\/3470\/revisions\/3473"}],"wp:featuredmedia":[{"embeddable":true,"href":"https:\/\/periodicolarepublica.com\/index.php\/wp-json\/wp\/v2\/media\/3471"}],"wp:attachment":[{"href":"https:\/\/periodicolarepublica.com\/index.php\/wp-json\/wp\/v2\/media?parent=3470"}],"wp:term":[{"taxonomy":"category","embeddable":true,"href":"https:\/\/periodicolarepublica.com\/index.php\/wp-json\/wp\/v2\/categories?post=3470"},{"taxonomy":"post_tag","embeddable":true,"href":"https:\/\/periodicolarepublica.com\/index.php\/wp-json\/wp\/v2\/tags?post=3470"}],"curies":[{"name":"wp","href":"https:\/\/api.w.org\/{rel}","templated":true}]}}