{"id":3479,"date":"2025-06-26T06:03:04","date_gmt":"2025-06-26T04:03:04","guid":{"rendered":"https:\/\/periodicolarepublica.com\/?p=3479"},"modified":"2025-06-26T06:03:04","modified_gmt":"2025-06-26T04:03:04","slug":"y-si-fuera-ella-con-quien-le-iria-mejor-en-la-boleta","status":"publish","type":"post","link":"https:\/\/periodicolarepublica.com\/index.php\/2025\/06\/26\/y-si-fuera-ella-con-quien-le-iria-mejor-en-la-boleta\/","title":{"rendered":"\u00bfY si fuera ella? \u00bfCon qui\u00e9n le ir\u00eda mejor en la boleta?"},"content":{"rendered":"<p>El posible inter\u00e9s de la vicepresidenta Raquel Pe\u00f1a en aspirar a una precandidatura de su partido el PRM, con miras a la presidencia de la Rep\u00fablica en 2028 ha comenzado a poner a pensar en el ajedrez pol\u00edtico posible de conformaci\u00f3n de boleta.<\/p>\n<p>Aunque falta mucho, para el inicio de una campa\u00f1a, hay que reconocer que cuenta con una figura consolidada, alto nivel de aprobaci\u00f3n y un estilo moderado.<\/p>\n<p>Sin embargo, la gran interrogante que surge es: \u00bfqui\u00e9n podr\u00eda ser su compa\u00f1ero ideal de boleta?<\/p>\n<p>Varios nombres posibles de complementos a una eventual candidatura presidencial de Pe\u00f1a:<\/p>\n<p>Eduardo \u00abYayo\u00bb Sanz Lovat\u00f3n, un gran dirigente y actual director de Aduanas, goza de confianza dentro del PRM y ha demostrado capacidad de gesti\u00f3n, su estilo t\u00e9cnico lo posicionan como buena opci\u00f3n.<\/p>\n<p>David Collado, exalcalde y actual ministro de Turismo, con quien ha compartido en varias ocasiones de actividades de gobierno e inauguraciones, representa una fuerte conexi\u00f3n con los sectores urbanos y empresariales. Su figura podr\u00eda aportar un impulso a la f\u00f3rmula, ya que goza de gran popularidad.<\/p>\n<p>Samuel Pereyra, al frente de Banreservas, tiene una imagen de gran gestor eficiente, con respaldo en el sector financiero. Su perfil institucional tambi\u00e9n armoniza con el de Pe\u00f1a.<\/p>\n<p>Guido G\u00f3mez Mazara, con su verbo encendido y conexi\u00f3n con sectores populares, podr\u00eda aportar balance pol\u00edtico, mediante un contraste de estilos diferentes<\/p>\n<p>Wellington Arnaud, director del INAPA, destacado por su experiencia t\u00e9cnica y su trabajo territorial, conocedor de estructuras pol\u00edticas.<\/p>\n<p>Si bien no hay decisiones oficiales, de que ella pueda ir a la contienda interna, el solo hecho de que se contemple a Raquel Pe\u00f1a como presidenciable ya activa el debate sobre con qui\u00e9n podr\u00eda formar una boleta con ella. Y aunque hay varios nombres, el equilibrio entre afinidad, proyecci\u00f3n y estrategia ser\u00edan clave para acompa\u00f1ar su posible salto a la candidatura presidencial.<\/p>\n<p><img loading=\"lazy\" decoding=\"async\" class=\"alignnone size-medium wp-image-3480\" src=\"https:\/\/periodicolarepublica.com\/wp-content\/uploads\/2025\/06\/IMG-20250625-WA0046-300x244.jpg\" alt=\"\" width=\"300\" height=\"244\" srcset=\"https:\/\/periodicolarepublica.com\/wp-content\/uploads\/2025\/06\/IMG-20250625-WA0046-300x244.jpg 300w, https:\/\/periodicolarepublica.com\/wp-content\/uploads\/2025\/06\/IMG-20250625-WA0046-1024x833.jpg 1024w, https:\/\/periodicolarepublica.com\/wp-content\/uploads\/2025\/06\/IMG-20250625-WA0046-768x625.jpg 768w, https:\/\/periodicolarepublica.com\/wp-content\/uploads\/2025\/06\/IMG-20250625-WA0046-150x122.jpg 150w, https:\/\/periodicolarepublica.com\/wp-content\/uploads\/2025\/06\/IMG-20250625-WA0046-600x488.jpg 600w, https:\/\/periodicolarepublica.com\/wp-content\/uploads\/2025\/06\/IMG-20250625-WA0046-696x566.jpg 696w, https:\/\/periodicolarepublica.com\/wp-content\/uploads\/2025\/06\/IMG-20250625-WA0046-1068x869.jpg 1068w, https:\/\/periodicolarepublica.com\/wp-content\/uploads\/2025\/06\/IMG-20250625-WA0046.jpg 1080w\" sizes=\"auto, (max-width: 300px) 100vw, 300px\" \/><\/p>\n","protected":false},"excerpt":{"rendered":"<p>El posible inter\u00e9s de la vicepresidenta Raquel Pe\u00f1a en aspirar a una precandidatura de su partido el PRM, con miras a la presidencia de la Rep\u00fablica en 2028 ha comenzado a poner a pensar en el ajedrez pol\u00edtico posible de conformaci\u00f3n de boleta. Aunque falta mucho, para el inicio de una campa\u00f1a, hay que reconocer [&hellip;]<\/p>\n","protected":false},"author":1,"featured_media":3480,"comment_status":"open","ping_status":"open","sticky":false,"template":"","format":"standard","meta":{"om_disable_all_campaigns":false,"_monsterinsights_skip_tracking":false,"_monsterinsights_sitenote_active":false,"_monsterinsights_sitenote_note":"","_monsterinsights_sitenote_category":0,"footnotes":""},"categories":[1,127],"tags":[],"class_list":{"0":"post-3479","1":"post","2":"type-post","3":"status-publish","4":"format-standard","5":"has-post-thumbnail","7":"category-nacionales","8":"category-politica"},"aioseo_notices":[],"_links":{"self":[{"href":"https:\/\/periodicolarepublica.com\/index.php\/wp-json\/wp\/v2\/posts\/3479","targetHints":{"allow":["GET"]}}],"collection":[{"href":"https:\/\/periodicolarepublica.com\/index.php\/wp-json\/wp\/v2\/posts"}],"about":[{"href":"https:\/\/periodicolarepublica.com\/index.php\/wp-json\/wp\/v2\/types\/post"}],"author":[{"embeddable":true,"href":"https:\/\/periodicolarepublica.com\/index.php\/wp-json\/wp\/v2\/users\/1"}],"replies":[{"embeddable":true,"href":"https:\/\/periodicolarepublica.com\/index.php\/wp-json\/wp\/v2\/comments?post=3479"}],"version-history":[{"count":1,"href":"https:\/\/periodicolarepublica.com\/index.php\/wp-json\/wp\/v2\/posts\/3479\/revisions"}],"predecessor-version":[{"id":3481,"href":"https:\/\/periodicolarepublica.com\/index.php\/wp-json\/wp\/v2\/posts\/3479\/revisions\/3481"}],"wp:featuredmedia":[{"embeddable":true,"href":"https:\/\/periodicolarepublica.com\/index.php\/wp-json\/wp\/v2\/media\/3480"}],"wp:attachment":[{"href":"https:\/\/periodicolarepublica.com\/index.php\/wp-json\/wp\/v2\/media?parent=3479"}],"wp:term":[{"taxonomy":"category","embeddable":true,"href":"https:\/\/periodicolarepublica.com\/index.php\/wp-json\/wp\/v2\/categories?post=3479"},{"taxonomy":"post_tag","embeddable":true,"href":"https:\/\/periodicolarepublica.com\/index.php\/wp-json\/wp\/v2\/tags?post=3479"}],"curies":[{"name":"wp","href":"https:\/\/api.w.org\/{rel}","templated":true}]}}