{"id":3482,"date":"2025-06-27T05:23:12","date_gmt":"2025-06-27T03:23:12","guid":{"rendered":"https:\/\/periodicolarepublica.com\/?p=3482"},"modified":"2025-06-27T05:23:12","modified_gmt":"2025-06-27T03:23:12","slug":"iluminada-munoz-sera-la-nueva-directora-de-prensa-de-la-z101","status":"publish","type":"post","link":"https:\/\/periodicolarepublica.com\/index.php\/2025\/06\/27\/iluminada-munoz-sera-la-nueva-directora-de-prensa-de-la-z101\/","title":{"rendered":"Iluminada Mu\u00f1oz ser\u00e1 la nueva directora de prensa de la Z101"},"content":{"rendered":"<p>\u201cZ NEWS\u201d, es la nueva propuesta de la Z101, un portal digital que ofrece informaciones variadas, objetivas, y din\u00e1micas.<\/p>\n<p>A partir de este primero de julio, la periodista y destacada comunicadora Iluminada Mu\u00f1oz ser\u00e1 la nueva directora de prensa de la emisora Z101. Mu\u00f1oz, con una dilatada carrera en los medios de comunicaci\u00f3n agradeci\u00f3 por su nueva designaci\u00f3n al frente de la parte \u201cdigital\u201d, de esa prestigiosa planta radial que ha hecho historia en la comunicaci\u00f3n de la Rep\u00fablica Dominicana por casi 40 a\u00f1os.<\/p>\n<p>&nbsp;<\/p>\n<p>La experimentada periodista indic\u00f3 que ,\u201c Z NEWS\u201d, es la nueva propuesta de la Z101, en la que la marca refresca y relanza su portal digital, donde ofrece informaciones variadas de manera objetiva y din\u00e1mica, que busca un contacto cercano con personas de todos los estratos sociales, con el \u00fanico fin de informar con autenticidad y compromiso.<\/p>\n<p>&nbsp;<\/p>\n<p>Sostuvo que, desde \u201cZ NEWS\u201d, se compromete a trabajar tenazmente a favor del pueblo dominicano, la objetividad, y el buen manejo de las informaciones, siempre apegados a la \u00e9tica y al buen periodismo.<\/p>\n<p>\u201c Agradezco primero a Dios y luego a don Bienvenido Rodr\u00edguez y a Bienvenido Rodr\u00edguez Le\u00f3n (Bienchy), por la gran oportunidad de poner en nuestras manos la parte digital de la emisora m\u00e1s importante del pa\u00eds, aceptamos el reto ya que esto nos motiva a asumir un compromiso mucho mayor con el fortalecimiento democr\u00e1tico, y el desarrollo institucional del pa\u00eds. \u201d, expres\u00f3 Mu\u00f1oz.<\/p>\n<p>Esta es la segunda ocasi\u00f3n donde la periodista oriunda de La Vega, asume como directora de prensa, siendo la primera vez en microvision canal 10 en su ciudad natal.<\/p>\n<p><img loading=\"lazy\" decoding=\"async\" class=\"alignnone size-medium wp-image-3483\" src=\"https:\/\/periodicolarepublica.com\/wp-content\/uploads\/2025\/06\/WhatsApp-Image-2021-09-15-at-6.33.59-PM-770x540-1-400x242-1-300x182.jpeg\" alt=\"\" width=\"300\" height=\"182\" srcset=\"https:\/\/periodicolarepublica.com\/wp-content\/uploads\/2025\/06\/WhatsApp-Image-2021-09-15-at-6.33.59-PM-770x540-1-400x242-1-300x182.jpeg 300w, https:\/\/periodicolarepublica.com\/wp-content\/uploads\/2025\/06\/WhatsApp-Image-2021-09-15-at-6.33.59-PM-770x540-1-400x242-1-150x91.jpeg 150w, https:\/\/periodicolarepublica.com\/wp-content\/uploads\/2025\/06\/WhatsApp-Image-2021-09-15-at-6.33.59-PM-770x540-1-400x242-1.jpeg 400w\" sizes=\"auto, (max-width: 300px) 100vw, 300px\" \/><\/p>\n","protected":false},"excerpt":{"rendered":"<p>\u201cZ NEWS\u201d, es la nueva propuesta de la Z101, un portal digital que ofrece informaciones variadas, objetivas, y din\u00e1micas. A partir de este primero de julio, la periodista y destacada comunicadora Iluminada Mu\u00f1oz ser\u00e1 la nueva directora de prensa de la emisora Z101. Mu\u00f1oz, con una dilatada carrera en los medios de comunicaci\u00f3n agradeci\u00f3 por [&hellip;]<\/p>\n","protected":false},"author":6,"featured_media":3483,"comment_status":"open","ping_status":"open","sticky":false,"template":"","format":"standard","meta":{"om_disable_all_campaigns":false,"_monsterinsights_skip_tracking":false,"_monsterinsights_sitenote_active":false,"_monsterinsights_sitenote_note":"","_monsterinsights_sitenote_category":0,"footnotes":""},"categories":[1],"tags":[],"class_list":{"0":"post-3482","1":"post","2":"type-post","3":"status-publish","4":"format-standard","5":"has-post-thumbnail","7":"category-nacionales"},"aioseo_notices":[],"_links":{"self":[{"href":"https:\/\/periodicolarepublica.com\/index.php\/wp-json\/wp\/v2\/posts\/3482","targetHints":{"allow":["GET"]}}],"collection":[{"href":"https:\/\/periodicolarepublica.com\/index.php\/wp-json\/wp\/v2\/posts"}],"about":[{"href":"https:\/\/periodicolarepublica.com\/index.php\/wp-json\/wp\/v2\/types\/post"}],"author":[{"embeddable":true,"href":"https:\/\/periodicolarepublica.com\/index.php\/wp-json\/wp\/v2\/users\/6"}],"replies":[{"embeddable":true,"href":"https:\/\/periodicolarepublica.com\/index.php\/wp-json\/wp\/v2\/comments?post=3482"}],"version-history":[{"count":1,"href":"https:\/\/periodicolarepublica.com\/index.php\/wp-json\/wp\/v2\/posts\/3482\/revisions"}],"predecessor-version":[{"id":3484,"href":"https:\/\/periodicolarepublica.com\/index.php\/wp-json\/wp\/v2\/posts\/3482\/revisions\/3484"}],"wp:featuredmedia":[{"embeddable":true,"href":"https:\/\/periodicolarepublica.com\/index.php\/wp-json\/wp\/v2\/media\/3483"}],"wp:attachment":[{"href":"https:\/\/periodicolarepublica.com\/index.php\/wp-json\/wp\/v2\/media?parent=3482"}],"wp:term":[{"taxonomy":"category","embeddable":true,"href":"https:\/\/periodicolarepublica.com\/index.php\/wp-json\/wp\/v2\/categories?post=3482"},{"taxonomy":"post_tag","embeddable":true,"href":"https:\/\/periodicolarepublica.com\/index.php\/wp-json\/wp\/v2\/tags?post=3482"}],"curies":[{"name":"wp","href":"https:\/\/api.w.org\/{rel}","templated":true}]}}