{"id":3485,"date":"2025-06-27T13:16:21","date_gmt":"2025-06-27T11:16:21","guid":{"rendered":"https:\/\/periodicolarepublica.com\/?p=3485"},"modified":"2025-06-27T13:16:21","modified_gmt":"2025-06-27T11:16:21","slug":"la-carta-que-sacudio-la-diplomacia-internacional-luis-abinader-y-los-expresidentes-marcan-un-hito-historico","status":"publish","type":"post","link":"https:\/\/periodicolarepublica.com\/index.php\/2025\/06\/27\/la-carta-que-sacudio-la-diplomacia-internacional-luis-abinader-y-los-expresidentes-marcan-un-hito-historico\/","title":{"rendered":"La carta que sacudi\u00f3 la diplomacia internacional: Luis Abinader y los expresidentes marcan un hito hist\u00f3rico"},"content":{"rendered":"<p>Por: Tom\u00e1s Hern\u00e1ndez Alberto,<\/p>\n<p>La Rep\u00fablica Dominicana ha dado un paso contundente en la escena internacional con una jugada diplom\u00e1tica que quedar\u00e1 registrada en la historia de nuestra pol\u00edtica exterior. La carta enviada recientemente por el presidente Luis Abinader, firmada junto a los expresidentes dominicanos, ha puesto en marcha una presi\u00f3n coordinada y sin precedentes para que la comunidad internacional act\u00fae frente al colapso total del Estado haitiano.<\/p>\n<p>&nbsp;<\/p>\n<p>Este acto no es simplemente una carta. Es una manifestaci\u00f3n de unidad nacional, una declaraci\u00f3n de soberan\u00eda y una exigencia leg\u00edtima de justicia geopol\u00edtica. Por primera vez en muchos a\u00f1os, el liderazgo pol\u00edtico dominicano deja de lado las diferencias internas para hablar con una sola voz en defensa del pa\u00eds y en demanda de una soluci\u00f3n real para Hait\u00ed, que ya ha desbordado todos los l\u00edmites de una crisis humanitaria.<\/p>\n<p>&nbsp;<\/p>\n<p>El efecto ha sido inmediato. En la OEA, vimos al subsecretario de Estado de los Estados Unidos elevar el tono, incluso llegando a advertir sobre el posible retiro de su pa\u00eds del organismo si no se aborda con seriedad la situaci\u00f3n haitiana. Estas declaraciones no surgen al azar: son producto de la presi\u00f3n generada por el pronunciamiento dominicano, respaldado por figuras de peso pol\u00edtico e hist\u00f3rico de la naci\u00f3n.<\/p>\n<p>&nbsp;<\/p>\n<p>Al mismo tiempo, la ONU se prepara para una reuni\u00f3n clave del Consejo de Seguridad en los pr\u00f3ximos d\u00edas. El tema Hait\u00ed ha vuelto al centro del debate internacional, no por caridad, sino por urgencia. Y esto se debe en gran parte a la firmeza con que el presidente Abinader ha empujado este tema, demostrando que la Rep\u00fablica Dominicana no ser\u00e1 indiferente ni silenciada ante una amenaza directa a su estabilidad y seguridad.<\/p>\n<p>&nbsp;<\/p>\n<p>El presidente Luis Abinader ha sido, sin duda, el jefe de Estado que m\u00e1s car\u00e1cter ha mostrado frente al drama haitiano. A diferencia de sus antecesores, no ha optado por el silencio c\u00f3modo ni por la diplomacia tibia. Ha sido claro, directo y estrat\u00e9gico. Y ahora, al sumar a los expresidentes al frente com\u00fan, demuestra que su liderazgo est\u00e1 basado en la responsabilidad, no en la confrontaci\u00f3n.<\/p>\n<p>&nbsp;<\/p>\n<p>La carta enviada al mundo es tambi\u00e9n un mensaje interno: los dominicanos est\u00e1n m\u00e1s unidos que nunca en la defensa de su soberan\u00eda. En una \u00e9poca marcada por la polarizaci\u00f3n, este gesto de consenso entre l\u00edderes pasados y actuales manda una se\u00f1al poderosa: cuando la patria est\u00e1 en juego, debe prevalecer el inter\u00e9s nacional.<\/p>\n<p>&nbsp;<\/p>\n<p>Es una jugada maestra desde el punto de vista pol\u00edtico y diplom\u00e1tico. El presidente no solo asume el rol de estadista, sino que coloca a la Rep\u00fablica Dominicana en un lugar de referencia regional. No es un simple espectador de la crisis haitiana, sino un actor activo que propone, presiona y lidera el llamado a la acci\u00f3n.<\/p>\n<p>&nbsp;<\/p>\n<p>Este acontecimiento tendr\u00e1 efectos a largo plazo. En el plano nacional, refuerza la imagen del presidente como un l\u00edder con visi\u00f3n de Estado. En el plano internacional, posiciona al pa\u00eds como un referente de diplomacia firme y coherente. No se trata de rechazar a Hait\u00ed, sino de decir con claridad que su reconstrucci\u00f3n no puede ni debe ser responsabilidad exclusiva de los dominicanos.<\/p>\n<p>&nbsp;<\/p>\n<p>Estamos ante un momento hist\u00f3rico que marcar\u00e1 la narrativa diplom\u00e1tica del pa\u00eds por a\u00f1os. La carta firmada por Abinader y los expresidentes no es solo un documento: es un s\u00edmbolo de unidad, liderazgo y determinaci\u00f3n ante un problema que el mundo ha querido ignorar por demasiado tiempo.<\/p>\n<p>&nbsp;<\/p>\n<p>En conclusi\u00f3n, la acci\u00f3n tomada por el presidente Abinader es un triunfo diplom\u00e1tico y pol\u00edtico que eleva el prestigio de la Rep\u00fablica Dominicana. Queda demostrado que, cuando se act\u00faa con visi\u00f3n, firmeza y unidad, hasta las grandes potencias escuchan. Y hoy, m\u00e1s que nunca, Hait\u00ed necesita que el mundo escuche, y que act\u00fae.<img loading=\"lazy\" decoding=\"async\" class=\"size-medium wp-image-1804 alignright\" src=\"https:\/\/periodicolarepublica.com\/wp-content\/uploads\/2024\/10\/IMG-20240525-WA0100-300x200.jpg\" alt=\"\" width=\"300\" height=\"200\" srcset=\"https:\/\/periodicolarepublica.com\/wp-content\/uploads\/2024\/10\/IMG-20240525-WA0100-300x200.jpg?v=1727804560 300w, https:\/\/periodicolarepublica.com\/wp-content\/uploads\/2024\/10\/IMG-20240525-WA0100-1024x682.jpg?v=1727804560 1024w, https:\/\/periodicolarepublica.com\/wp-content\/uploads\/2024\/10\/IMG-20240525-WA0100-768x511.jpg?v=1727804560 768w, https:\/\/periodicolarepublica.com\/wp-content\/uploads\/2024\/10\/IMG-20240525-WA0100-150x100.jpg?v=1727804560 150w, https:\/\/periodicolarepublica.com\/wp-content\/uploads\/2024\/10\/IMG-20240525-WA0100-600x399.jpg?v=1727804560 600w, https:\/\/periodicolarepublica.com\/wp-content\/uploads\/2024\/10\/IMG-20240525-WA0100-696x463.jpg?v=1727804560 696w, https:\/\/periodicolarepublica.com\/wp-content\/uploads\/2024\/10\/IMG-20240525-WA0100-1068x711.jpg?v=1727804560 1068w, https:\/\/periodicolarepublica.com\/wp-content\/uploads\/2024\/10\/IMG-20240525-WA0100.jpg?v=1727804560 1080w\" sizes=\"auto, (max-width: 300px) 100vw, 300px\" \/><\/p>\n","protected":false},"excerpt":{"rendered":"<p>Por: Tom\u00e1s Hern\u00e1ndez Alberto, La Rep\u00fablica Dominicana ha dado un paso contundente en la escena internacional con una jugada diplom\u00e1tica que quedar\u00e1 registrada en la historia de nuestra pol\u00edtica exterior. La carta enviada recientemente por el presidente Luis Abinader, firmada junto a los expresidentes dominicanos, ha puesto en marcha una presi\u00f3n coordinada y sin precedentes [&hellip;]<\/p>\n","protected":false},"author":10,"featured_media":1804,"comment_status":"open","ping_status":"open","sticky":false,"template":"","format":"standard","meta":{"om_disable_all_campaigns":false,"_monsterinsights_skip_tracking":false,"_monsterinsights_sitenote_active":false,"_monsterinsights_sitenote_note":"","_monsterinsights_sitenote_category":0,"footnotes":""},"categories":[1],"tags":[163],"class_list":{"0":"post-3485","1":"post","2":"type-post","3":"status-publish","4":"format-standard","5":"has-post-thumbnail","7":"category-nacionales","8":"tag-tomas-hernandez-alberto"},"aioseo_notices":[],"_links":{"self":[{"href":"https:\/\/periodicolarepublica.com\/index.php\/wp-json\/wp\/v2\/posts\/3485","targetHints":{"allow":["GET"]}}],"collection":[{"href":"https:\/\/periodicolarepublica.com\/index.php\/wp-json\/wp\/v2\/posts"}],"about":[{"href":"https:\/\/periodicolarepublica.com\/index.php\/wp-json\/wp\/v2\/types\/post"}],"author":[{"embeddable":true,"href":"https:\/\/periodicolarepublica.com\/index.php\/wp-json\/wp\/v2\/users\/10"}],"replies":[{"embeddable":true,"href":"https:\/\/periodicolarepublica.com\/index.php\/wp-json\/wp\/v2\/comments?post=3485"}],"version-history":[{"count":1,"href":"https:\/\/periodicolarepublica.com\/index.php\/wp-json\/wp\/v2\/posts\/3485\/revisions"}],"predecessor-version":[{"id":3486,"href":"https:\/\/periodicolarepublica.com\/index.php\/wp-json\/wp\/v2\/posts\/3485\/revisions\/3486"}],"wp:featuredmedia":[{"embeddable":true,"href":"https:\/\/periodicolarepublica.com\/index.php\/wp-json\/wp\/v2\/media\/1804"}],"wp:attachment":[{"href":"https:\/\/periodicolarepublica.com\/index.php\/wp-json\/wp\/v2\/media?parent=3485"}],"wp:term":[{"taxonomy":"category","embeddable":true,"href":"https:\/\/periodicolarepublica.com\/index.php\/wp-json\/wp\/v2\/categories?post=3485"},{"taxonomy":"post_tag","embeddable":true,"href":"https:\/\/periodicolarepublica.com\/index.php\/wp-json\/wp\/v2\/tags?post=3485"}],"curies":[{"name":"wp","href":"https:\/\/api.w.org\/{rel}","templated":true}]}}