{"id":3487,"date":"2025-06-30T01:29:22","date_gmt":"2025-06-29T23:29:22","guid":{"rendered":"https:\/\/periodicolarepublica.com\/?p=3487"},"modified":"2025-06-30T16:31:52","modified_gmt":"2025-06-30T14:31:52","slug":"__trashed","status":"publish","type":"post","link":"https:\/\/periodicolarepublica.com\/index.php\/2025\/06\/30\/__trashed\/","title":{"rendered":"Arajet grad\u00faa pilotos dominicanos de programa de cadetes en alianza con Boeing"},"content":{"rendered":"<p>El programa de cadetes de Arajet y Boeing es el primero de esta magnitud en Latinoam\u00e9rica<\/p>\n<p>Los costos del programa son cubiertos por ambas empresas y representa un paso firme hacia el fortalecimiento del talento aeron\u00e1utico dominicano<\/p>\n<p>Santo Domingo. &#8211; La aerol\u00ednea dominicana Arajet y la empresa aeron\u00e1utica internacional Boeing, graduaron a dos nuevos pilotos dominicanos, los cuales completaron exitosamente el programa de formaci\u00f3n de cadetes que desarrollan en alianza ambas empresas y que cont\u00f3 con la aprobaci\u00f3n y supervisi\u00f3n del Instituto Dominicano de Aviaci\u00f3n Civil (IDAC).<\/p>\n<p>Durante todo un a\u00f1o, los dominicanos Carlos Mart\u00ednez y Jos\u00e9 Mauriz, se entrenaron para recibir el certificado que los acredita como pilotos de la aeronave Boeing 737 Max, tras lograr completar m\u00e1s de 1,000 horas totales de vuelo. Este programa incluy\u00f3 entrenamiento de l\u00ednea de vuelo, entrenamiento de datos de aviaci\u00f3n (a cargo de la empresa Jeppesen), simuladores basados en competencia, curso de adaptaci\u00f3n al jet Boeing 737 Max, entre otras.<\/p>\n<p><img loading=\"lazy\" decoding=\"async\" class=\"alignnone size-medium wp-image-3517\" src=\"https:\/\/periodicolarepublica.com\/wp-content\/uploads\/2025\/06\/Jose-Mauriz-y-Carlos-Martinez-scaled-e1751293842389-300x211.jpeg\" alt=\"\" width=\"300\" height=\"211\" srcset=\"https:\/\/periodicolarepublica.com\/wp-content\/uploads\/2025\/06\/Jose-Mauriz-y-Carlos-Martinez-scaled-e1751293842389-300x211.jpeg 300w, https:\/\/periodicolarepublica.com\/wp-content\/uploads\/2025\/06\/Jose-Mauriz-y-Carlos-Martinez-scaled-e1751293842389-1024x721.jpeg 1024w, https:\/\/periodicolarepublica.com\/wp-content\/uploads\/2025\/06\/Jose-Mauriz-y-Carlos-Martinez-scaled-e1751293842389-768x541.jpeg 768w, https:\/\/periodicolarepublica.com\/wp-content\/uploads\/2025\/06\/Jose-Mauriz-y-Carlos-Martinez-scaled-e1751293842389-150x106.jpeg 150w, https:\/\/periodicolarepublica.com\/wp-content\/uploads\/2025\/06\/Jose-Mauriz-y-Carlos-Martinez-scaled-e1751293842389-600x422.jpeg 600w, https:\/\/periodicolarepublica.com\/wp-content\/uploads\/2025\/06\/Jose-Mauriz-y-Carlos-Martinez-scaled-e1751293842389-696x490.jpeg 696w, https:\/\/periodicolarepublica.com\/wp-content\/uploads\/2025\/06\/Jose-Mauriz-y-Carlos-Martinez-scaled-e1751293842389-1068x752.jpeg 1068w, https:\/\/periodicolarepublica.com\/wp-content\/uploads\/2025\/06\/Jose-Mauriz-y-Carlos-Martinez-scaled-e1751293842389-100x70.jpeg 100w, https:\/\/periodicolarepublica.com\/wp-content\/uploads\/2025\/06\/Jose-Mauriz-y-Carlos-Martinez-scaled-e1751293842389-200x140.jpeg 200w, https:\/\/periodicolarepublica.com\/wp-content\/uploads\/2025\/06\/Jose-Mauriz-y-Carlos-Martinez-scaled-e1751293842389.jpeg 1270w\" sizes=\"auto, (max-width: 300px) 100vw, 300px\" \/><\/p>\n<p>&nbsp;<\/p>\n<p>&nbsp;<\/p>\n<p>&nbsp;<\/p>\n<p>&nbsp;<\/p>\n<p>&nbsp;<\/p>\n","protected":false},"excerpt":{"rendered":"<p>El programa de cadetes de Arajet y Boeing es el primero de esta magnitud en Latinoam\u00e9rica Los costos del programa son cubiertos por ambas empresas y representa un paso firme hacia el fortalecimiento del talento aeron\u00e1utico dominicano Santo Domingo. &#8211; La aerol\u00ednea dominicana Arajet y la empresa aeron\u00e1utica internacional Boeing, graduaron a dos nuevos pilotos [&hellip;]<\/p>\n","protected":false},"author":6,"featured_media":3517,"comment_status":"open","ping_status":"open","sticky":false,"template":"","format":"standard","meta":{"om_disable_all_campaigns":false,"_monsterinsights_skip_tracking":false,"_monsterinsights_sitenote_active":false,"_monsterinsights_sitenote_note":"","_monsterinsights_sitenote_category":0,"footnotes":""},"categories":[1],"tags":[288],"class_list":{"0":"post-3487","1":"post","2":"type-post","3":"status-publish","4":"format-standard","5":"has-post-thumbnail","7":"category-nacionales","8":"tag-arajet-com"},"aioseo_notices":[],"_links":{"self":[{"href":"https:\/\/periodicolarepublica.com\/index.php\/wp-json\/wp\/v2\/posts\/3487","targetHints":{"allow":["GET"]}}],"collection":[{"href":"https:\/\/periodicolarepublica.com\/index.php\/wp-json\/wp\/v2\/posts"}],"about":[{"href":"https:\/\/periodicolarepublica.com\/index.php\/wp-json\/wp\/v2\/types\/post"}],"author":[{"embeddable":true,"href":"https:\/\/periodicolarepublica.com\/index.php\/wp-json\/wp\/v2\/users\/6"}],"replies":[{"embeddable":true,"href":"https:\/\/periodicolarepublica.com\/index.php\/wp-json\/wp\/v2\/comments?post=3487"}],"version-history":[{"count":2,"href":"https:\/\/periodicolarepublica.com\/index.php\/wp-json\/wp\/v2\/posts\/3487\/revisions"}],"predecessor-version":[{"id":3518,"href":"https:\/\/periodicolarepublica.com\/index.php\/wp-json\/wp\/v2\/posts\/3487\/revisions\/3518"}],"wp:featuredmedia":[{"embeddable":true,"href":"https:\/\/periodicolarepublica.com\/index.php\/wp-json\/wp\/v2\/media\/3517"}],"wp:attachment":[{"href":"https:\/\/periodicolarepublica.com\/index.php\/wp-json\/wp\/v2\/media?parent=3487"}],"wp:term":[{"taxonomy":"category","embeddable":true,"href":"https:\/\/periodicolarepublica.com\/index.php\/wp-json\/wp\/v2\/categories?post=3487"},{"taxonomy":"post_tag","embeddable":true,"href":"https:\/\/periodicolarepublica.com\/index.php\/wp-json\/wp\/v2\/tags?post=3487"}],"curies":[{"name":"wp","href":"https:\/\/api.w.org\/{rel}","templated":true}]}}