{"id":3488,"date":"2025-06-28T18:21:27","date_gmt":"2025-06-28T16:21:27","guid":{"rendered":"https:\/\/periodicolarepublica.com\/?p=3488"},"modified":"2025-06-28T18:21:27","modified_gmt":"2025-06-28T16:21:27","slug":"asdn-lleva-la-alcaldia-en-el-barrio-al-sector-carlos-alvarez-de-villa-mella","status":"publish","type":"post","link":"https:\/\/periodicolarepublica.com\/index.php\/2025\/06\/28\/asdn-lleva-la-alcaldia-en-el-barrio-al-sector-carlos-alvarez-de-villa-mella\/","title":{"rendered":"ASDN lleva La Alcald\u00eda en el Barrio al sector Carlos \u00c1lvarez de Villa Mella"},"content":{"rendered":"<p>Ministerios de la Juventud, Energ\u00eda y Minas, Interior y Polic\u00eda e Intrant se suman a la jornada<\/p>\n<p>Santo Domingo.\u2013 La Alcald\u00eda de Santo Domingo Norte (ASDN), en conjunto con los Ministerios de la Juventud y de Energ\u00eda y Minas, continu\u00f3 en el sector Carlos \u00c1lvarez, en Villa Mella Norte, el programa \u201cLa Alcald\u00eda en el Barrio\u201d, donde llev\u00f3 soluciones inmediatas a las problem\u00e1ticas que afectan a sus residentes.<\/p>\n<p>&nbsp;<\/p>\n<p>El operativo, encabezado por la alcaldesa Betty Ger\u00f3nimo, incluy\u00f3 bacheos, cuneteos, poda de \u00e1rboles, limpieza de ca\u00f1adas, recogida de basura y eliminaci\u00f3n de vertederos improvisados.<\/p>\n<p>&nbsp;<\/p>\n<p>Adem\u00e1s, la limpieza de unos 80 pozos s\u00e9pticos, de imbornales y la instalaci\u00f3n de una bomba sumergible.<\/p>\n<p>&nbsp;<\/p>\n<p>A trav\u00e9s de la jornada, tambi\u00e9n se remoz\u00f3 una cancha y se repararon unas 12 viviendas.<\/p>\n<p>&nbsp;<\/p>\n<p>&nbsp;<\/p>\n<p>*Intervenci\u00f3n de ministerios*<\/p>\n<p>&nbsp;<\/p>\n<p>En colaboraci\u00f3n con el Ministerio de Energ\u00eda y Minas se iluminaron las calles del sector, a trav\u00e9s de la colocaci\u00f3n de luminarias, lo que contribuir\u00e1 a la reducci\u00f3n de actos delictivos, que ten\u00edan a la oscuridad del lugar como una especie de aliado.<\/p>\n<p>&nbsp;<\/p>\n<p>Asimismo, a trav\u00e9s del Ministerio de la Juventud y del Instituto Tecnol\u00f3gico de Las Am\u00e9ricas (ITLA) decenas de j\u00f3venes fueron beneficiados con becas.<\/p>\n<p>&nbsp;<\/p>\n<p>De igual forma, mediante el Instituto de Tr\u00e1nsito y Transporte Terrestre se instal\u00f3 una oficina m\u00f3vil pra emisi\u00f3n y renovaci\u00f3n de licencias.<\/p>\n<p>&nbsp;<\/p>\n<p>En materia de asistencia social, se llev\u00f3 a cabo un operativo m\u00e9dico con diferentes especialidades, entreg\u00e1ndose medicamentos a los asistentes.<\/p>\n<p>&nbsp;<\/p>\n<p>Para la jornada se utilizaron maquinarias pesadas, de manera que se realizara una intervenci\u00f3n integral en el per\u00edmetro del sector, incluyendo un compactador, camiones volteo y motocicletas recolectoras de desechos.<\/p>\n<p>&nbsp;<\/p>\n<p>Tambi\u00e9n participaron en el operativo el<\/p>\n<p>viceministro de Emprendimiento del Ministerios de la Juventud, Fernando Lagares; la viceministra administrativa y Financiera, Elo\u00edsa Luna; personal del Centro Tecnol\u00f3gico Comunitario, Senasa, Cruz Roja Dominicana, Polic\u00eda Comunitaria, Consejo Nacional de Drogas, entre otras.<\/p>\n<p>&nbsp;<\/p>\n<p>Ger\u00f3nimo destac\u00f3 que este tipo de jornadas reflejan el firme compromiso de su gesti\u00f3n de acercar la administraci\u00f3n municipal a cada uno de los barrios y llevar soluciones reales a las comunidades m\u00e1s necesitadas, mejorando su calidad de vida y dignificando el entorno de cada uno de los mun\u00edcipes.<img loading=\"lazy\" decoding=\"async\" class=\"size-medium wp-image-3489 alignright\" src=\"https:\/\/periodicolarepublica.com\/wp-content\/uploads\/2025\/06\/IMG-20250628-WA0312-300x225.jpg\" alt=\"\" width=\"300\" height=\"225\" srcset=\"https:\/\/periodicolarepublica.com\/wp-content\/uploads\/2025\/06\/IMG-20250628-WA0312-300x225.jpg?v=1751127677 300w, https:\/\/periodicolarepublica.com\/wp-content\/uploads\/2025\/06\/IMG-20250628-WA0312-1024x768.jpg?v=1751127677 1024w, https:\/\/periodicolarepublica.com\/wp-content\/uploads\/2025\/06\/IMG-20250628-WA0312-768x576.jpg?v=1751127677 768w, https:\/\/periodicolarepublica.com\/wp-content\/uploads\/2025\/06\/IMG-20250628-WA0312-150x113.jpg?v=1751127677 150w, https:\/\/periodicolarepublica.com\/wp-content\/uploads\/2025\/06\/IMG-20250628-WA0312-600x450.jpg?v=1751127677 600w, https:\/\/periodicolarepublica.com\/wp-content\/uploads\/2025\/06\/IMG-20250628-WA0312-696x522.jpg?v=1751127677 696w, https:\/\/periodicolarepublica.com\/wp-content\/uploads\/2025\/06\/IMG-20250628-WA0312-1068x801.jpg?v=1751127677 1068w, https:\/\/periodicolarepublica.com\/wp-content\/uploads\/2025\/06\/IMG-20250628-WA0312-265x198.jpg?v=1751127677 265w, https:\/\/periodicolarepublica.com\/wp-content\/uploads\/2025\/06\/IMG-20250628-WA0312-530x396.jpg?v=1751127677 530w, https:\/\/periodicolarepublica.com\/wp-content\/uploads\/2025\/06\/IMG-20250628-WA0312.jpg?v=1751127677 1280w\" sizes=\"auto, (max-width: 300px) 100vw, 300px\" \/><\/p>\n","protected":false},"excerpt":{"rendered":"<p>Ministerios de la Juventud, Energ\u00eda y Minas, Interior y Polic\u00eda e Intrant se suman a la jornada Santo Domingo.\u2013 La Alcald\u00eda de Santo Domingo Norte (ASDN), en conjunto con los Ministerios de la Juventud y de Energ\u00eda y Minas, continu\u00f3 en el sector Carlos \u00c1lvarez, en Villa Mella Norte, el programa \u201cLa Alcald\u00eda en el [&hellip;]<\/p>\n","protected":false},"author":10,"featured_media":3489,"comment_status":"open","ping_status":"open","sticky":false,"template":"","format":"standard","meta":{"om_disable_all_campaigns":false,"_monsterinsights_skip_tracking":false,"_monsterinsights_sitenote_active":false,"_monsterinsights_sitenote_note":"","_monsterinsights_sitenote_category":0,"footnotes":""},"categories":[1],"tags":[],"class_list":{"0":"post-3488","1":"post","2":"type-post","3":"status-publish","4":"format-standard","5":"has-post-thumbnail","7":"category-nacionales"},"aioseo_notices":[],"_links":{"self":[{"href":"https:\/\/periodicolarepublica.com\/index.php\/wp-json\/wp\/v2\/posts\/3488","targetHints":{"allow":["GET"]}}],"collection":[{"href":"https:\/\/periodicolarepublica.com\/index.php\/wp-json\/wp\/v2\/posts"}],"about":[{"href":"https:\/\/periodicolarepublica.com\/index.php\/wp-json\/wp\/v2\/types\/post"}],"author":[{"embeddable":true,"href":"https:\/\/periodicolarepublica.com\/index.php\/wp-json\/wp\/v2\/users\/10"}],"replies":[{"embeddable":true,"href":"https:\/\/periodicolarepublica.com\/index.php\/wp-json\/wp\/v2\/comments?post=3488"}],"version-history":[{"count":1,"href":"https:\/\/periodicolarepublica.com\/index.php\/wp-json\/wp\/v2\/posts\/3488\/revisions"}],"predecessor-version":[{"id":3490,"href":"https:\/\/periodicolarepublica.com\/index.php\/wp-json\/wp\/v2\/posts\/3488\/revisions\/3490"}],"wp:featuredmedia":[{"embeddable":true,"href":"https:\/\/periodicolarepublica.com\/index.php\/wp-json\/wp\/v2\/media\/3489"}],"wp:attachment":[{"href":"https:\/\/periodicolarepublica.com\/index.php\/wp-json\/wp\/v2\/media?parent=3488"}],"wp:term":[{"taxonomy":"category","embeddable":true,"href":"https:\/\/periodicolarepublica.com\/index.php\/wp-json\/wp\/v2\/categories?post=3488"},{"taxonomy":"post_tag","embeddable":true,"href":"https:\/\/periodicolarepublica.com\/index.php\/wp-json\/wp\/v2\/tags?post=3488"}],"curies":[{"name":"wp","href":"https:\/\/api.w.org\/{rel}","templated":true}]}}