{"id":3493,"date":"2025-06-29T23:50:32","date_gmt":"2025-06-29T21:50:32","guid":{"rendered":"https:\/\/periodicolarepublica.com\/?p=3493"},"modified":"2025-06-30T01:19:55","modified_gmt":"2025-06-29T23:19:55","slug":"jose-alberto-acosta-y-alejandra-bonilla-un-duo-deportivo-de-primera-bola","status":"publish","type":"post","link":"https:\/\/periodicolarepublica.com\/index.php\/2025\/06\/29\/jose-alberto-acosta-y-alejandra-bonilla-un-duo-deportivo-de-primera-bola\/","title":{"rendered":"Jos\u00e9 Alberto Acosta y Alejandra Bonilla un d\u00fao deportivo de \u201cPrimera Bola\u201d"},"content":{"rendered":"<p><img loading=\"lazy\" decoding=\"async\" class=\"alignnone size-medium wp-image-3494\" src=\"https:\/\/periodicolarepublica.com\/wp-content\/uploads\/2025\/06\/IMG-20250629-WA0589-e1751239172423-300x222.jpg\" alt=\"\" width=\"300\" height=\"222\" srcset=\"https:\/\/periodicolarepublica.com\/wp-content\/uploads\/2025\/06\/IMG-20250629-WA0589-e1751239172423-300x222.jpg?v=1751233823 300w, https:\/\/periodicolarepublica.com\/wp-content\/uploads\/2025\/06\/IMG-20250629-WA0589-e1751239172423-768x568.jpg?v=1751233823 768w, https:\/\/periodicolarepublica.com\/wp-content\/uploads\/2025\/06\/IMG-20250629-WA0589-e1751239172423-150x111.jpg?v=1751233823 150w, https:\/\/periodicolarepublica.com\/wp-content\/uploads\/2025\/06\/IMG-20250629-WA0589-e1751239172423-600x444.jpg?v=1751233823 600w, https:\/\/periodicolarepublica.com\/wp-content\/uploads\/2025\/06\/IMG-20250629-WA0589-e1751239172423-485x360.jpg?v=1751233823 485w, https:\/\/periodicolarepublica.com\/wp-content\/uploads\/2025\/06\/IMG-20250629-WA0589-e1751239172423-696x515.jpg?v=1751233823 696w, https:\/\/periodicolarepublica.com\/wp-content\/uploads\/2025\/06\/IMG-20250629-WA0589-e1751239172423.jpg?v=1751233823 863w\" sizes=\"auto, (max-width: 300px) 100vw, 300px\" \/>Santo Domingo, RD. Los periodistas y cronistas deportivos, el d\u00fao compuesto por Jos\u00e9 Alberto Acosta y Alejandra Bonilla, est\u00e1n cada martes a las 6:00 de la tarde con el espacio \u201cPrimera Bola\u201d a trav\u00e9s de la plataforma de RC Noticias y las redes sociales de Roberto Cavada.<\/p>\n<p>&nbsp;<\/p>\n<p>Durante las \u00faltimas cinco temporadas del b\u00e9isbol dominicano el programa se ha consolidado como la mejor antesala de cada juego, con una combinaci\u00f3n perfecta de an\u00e1lisis, comentarios y entrevistas exclusivas en el terreno de juego.<\/p>\n<p>&nbsp;<\/p>\n<p>En este momento cuando no hay acci\u00f3n en los estadios de Rep\u00fablica Dominicana, \u201cPrimera Bola\u201d regresa para dar especial seguimiento a las Grandes Ligas y al mundo de los deportes en sentido general.<\/p>\n<p>&nbsp;<\/p>\n<p>\u00abMe siento feliz de formar parte de este proyecto desde que empez\u00f3. El trabajo en equipo es la clave para el \u00e9xito de este, todos nos involucramos\u00bb expres\u00f3 Acosta.<\/p>\n<p>&nbsp;<\/p>\n<p>Resalt\u00f3 el toque femenino que Alejandra Bonilla aporta al programa, \u00abella es una de las cronistas deportivas m\u00e1s preparadas que tiene la Rep\u00fablica Dominicana ya que no s\u00f3lo puede hablar de b\u00e9isbol sino tambi\u00e9n de otros deportes\u00bb, explic\u00f3 Jos\u00e9 Alberto.<\/p>\n<p>&nbsp;<\/p>\n<p>Mientras que Bonilla calific\u00f3 el programa como un sue\u00f1o. \u00abPrimera Bola es un sue\u00f1o hecho realidad. Es poder mostrar a los fan\u00e1ticos la esencia de sus jugadores favoritos. El lado m\u00e1s sensible de los atletas\u00bb.<\/p>\n<p>&nbsp;<\/p>\n<p>Agreg\u00f3 que ha sido su gran escuela. \u201cEste proyecto junto a Jos\u00e9 Alberto, para m\u00ed uno de los mejores talentos que tiene el periodismo joven del pa\u00eds, es genial, es alguien que ha sido gu\u00eda y de qui\u00e9n aprendo cada d\u00eda m\u00e1s\u00bb, manifest\u00f3 Alejandra.<\/p>\n<p>El espacio creado por el destacado periodista Roberto Cavada, cuenta con la producci\u00f3n general del periodista Kelvin de la Cruz y como productor de contenido Gabriel Vizca\u00edno.<\/p>\n<p>&nbsp;<\/p>\n<p>\u201cPrimera Bola\u201d, m\u00e1s que pelota<\/p>\n<p>El espacio ha realizado coberturas internacionales como las Series del Caribe celebradas en Venezuela y Miami. El Cl\u00e1sico Mundial de B\u00e9isbol desde el LoanDepot Park, en Miami. Tambi\u00e9n las primeras ediciones de Titanes del Caribe entre los equipos de Los Tigres Licey y \u00c1guilas Cibae\u00f1as, realizada en el Estadio de los Mets de Nueva York y el Estadio Hiram Bithorn en San Juan Puerto Rico.<\/p>\n<p>&nbsp;<\/p>\n<p>&nbsp;<\/p>\n<p>&nbsp;<\/p>\n<p>&nbsp;<\/p>\n<p>&nbsp;<\/p>\n<p>&nbsp;<\/p>\n<p>&nbsp;<\/p>\n","protected":false},"excerpt":{"rendered":"<p>Santo Domingo, RD. Los periodistas y cronistas deportivos, el d\u00fao compuesto por Jos\u00e9 Alberto Acosta y Alejandra Bonilla, est\u00e1n cada martes a las 6:00 de la tarde con el espacio \u201cPrimera Bola\u201d a trav\u00e9s de la plataforma de RC Noticias y las redes sociales de Roberto Cavada. &nbsp; Durante las \u00faltimas cinco temporadas del b\u00e9isbol [&hellip;]<\/p>\n","protected":false},"author":10,"featured_media":3494,"comment_status":"open","ping_status":"open","sticky":false,"template":"","format":"standard","meta":{"om_disable_all_campaigns":false,"_monsterinsights_skip_tracking":false,"_monsterinsights_sitenote_active":false,"_monsterinsights_sitenote_note":"","_monsterinsights_sitenote_category":0,"footnotes":""},"categories":[1],"tags":[],"class_list":{"0":"post-3493","1":"post","2":"type-post","3":"status-publish","4":"format-standard","5":"has-post-thumbnail","7":"category-nacionales"},"aioseo_notices":[],"_links":{"self":[{"href":"https:\/\/periodicolarepublica.com\/index.php\/wp-json\/wp\/v2\/posts\/3493","targetHints":{"allow":["GET"]}}],"collection":[{"href":"https:\/\/periodicolarepublica.com\/index.php\/wp-json\/wp\/v2\/posts"}],"about":[{"href":"https:\/\/periodicolarepublica.com\/index.php\/wp-json\/wp\/v2\/types\/post"}],"author":[{"embeddable":true,"href":"https:\/\/periodicolarepublica.com\/index.php\/wp-json\/wp\/v2\/users\/10"}],"replies":[{"embeddable":true,"href":"https:\/\/periodicolarepublica.com\/index.php\/wp-json\/wp\/v2\/comments?post=3493"}],"version-history":[{"count":3,"href":"https:\/\/periodicolarepublica.com\/index.php\/wp-json\/wp\/v2\/posts\/3493\/revisions"}],"predecessor-version":[{"id":3502,"href":"https:\/\/periodicolarepublica.com\/index.php\/wp-json\/wp\/v2\/posts\/3493\/revisions\/3502"}],"wp:featuredmedia":[{"embeddable":true,"href":"https:\/\/periodicolarepublica.com\/index.php\/wp-json\/wp\/v2\/media\/3494"}],"wp:attachment":[{"href":"https:\/\/periodicolarepublica.com\/index.php\/wp-json\/wp\/v2\/media?parent=3493"}],"wp:term":[{"taxonomy":"category","embeddable":true,"href":"https:\/\/periodicolarepublica.com\/index.php\/wp-json\/wp\/v2\/categories?post=3493"},{"taxonomy":"post_tag","embeddable":true,"href":"https:\/\/periodicolarepublica.com\/index.php\/wp-json\/wp\/v2\/tags?post=3493"}],"curies":[{"name":"wp","href":"https:\/\/api.w.org\/{rel}","templated":true}]}}