{"id":3496,"date":"2025-06-30T01:04:02","date_gmt":"2025-06-29T23:04:02","guid":{"rendered":"https:\/\/periodicolarepublica.com\/?p=3496"},"modified":"2025-06-30T01:17:35","modified_gmt":"2025-06-29T23:17:35","slug":"leandro-mieses-llama-a-sonar-con-una-mejor-republica-dominicana-y-resalta-la-apertura-politica-para-nuevas-figuras","status":"publish","type":"post","link":"https:\/\/periodicolarepublica.com\/index.php\/2025\/06\/30\/leandro-mieses-llama-a-sonar-con-una-mejor-republica-dominicana-y-resalta-la-apertura-politica-para-nuevas-figuras\/","title":{"rendered":"Leandro Mieses llama a so\u00f1ar con una mejor Rep\u00fablica Dominicana y resalta la apertura pol\u00edtica para nuevas figuras"},"content":{"rendered":"<p>El excandidato a diputado por el partido oficialista, Leandro Mieses, reafirm\u00f3 su compromiso con la transformaci\u00f3n social y pol\u00edtica del pa\u00eds, destacando la importancia de mantener una conexi\u00f3n activa con las comunidades y la necesidad de fortalecer la participaci\u00f3n de nuevos liderazgos en el escenario nacional.<\/p>\n<p>&nbsp;<\/p>\n<p>En el marco de un operativo m\u00e9dico comunitario realizado este domingo en Santo Domingo Oeste, donde m\u00e1s de 400 familias fueron beneficiadas, Mieses abord\u00f3 el panorama pol\u00edtico actual y se mostr\u00f3 esperanzado con el rumbo que puede tomar el pa\u00eds si se contin\u00faa impulsando el liderazgo joven y diverso.<\/p>\n<p>&nbsp;<\/p>\n<p>\u201cHoy m\u00e1s que nunca, hay que so\u00f1ar con una mejor Rep\u00fablica Dominicana. Veo con entusiasmo c\u00f3mo surgen nuevos aspirantes, incluyendo mujeres y j\u00f3venes con vocaci\u00f3n de servicio. Eso es se\u00f1al de que nuestro sistema democr\u00e1tico est\u00e1 en movimiento y en evoluci\u00f3n\u201d, expres\u00f3 Mieses.<\/p>\n<p>Aunque se\u00f1al\u00f3 que a\u00fan no es momento para tomar una posici\u00f3n definitiva frente a las candidaturas presidenciales, valor\u00f3 el respeto al protocolo institucional y la planificaci\u00f3n mostrada por el liderazgo actual. \u201cEl presidente Luis Abinader ya ha indicado que hay lineamientos que regir\u00e1n la campa\u00f1a venidera. En su momento, cada quien fijar\u00e1 su posici\u00f3n y el partido trazar\u00e1 su ruta\u201d, agreg\u00f3.<\/p>\n<p>&nbsp;<\/p>\n<p>Leandro Mieses tambi\u00e9n destac\u00f3 que la acci\u00f3n pol\u00edtica no puede limitarse a los procesos electorales, sino que debe mantenerse viva en las calles, en contacto con la gente. \u201cNosotros seguimos trabajando con hechos, no con promesas. Estas jornadas m\u00e9dicas son solo una muestra del trabajo comunitario que llevamos a\u00f1os realizando en Santo Domingo Oeste\u201d, concluy\u00f3.<\/p>\n<p><img loading=\"lazy\" decoding=\"async\" class=\"alignnone size-medium wp-image-3497\" src=\"https:\/\/periodicolarepublica.com\/wp-content\/uploads\/2025\/06\/IMG-20250629-WA0048-e1751239041310-300x222.jpg\" alt=\"\" width=\"300\" height=\"222\" srcset=\"https:\/\/periodicolarepublica.com\/wp-content\/uploads\/2025\/06\/IMG-20250629-WA0048-e1751239041310-300x222.jpg 300w, https:\/\/periodicolarepublica.com\/wp-content\/uploads\/2025\/06\/IMG-20250629-WA0048-e1751239041310-150x111.jpg 150w, https:\/\/periodicolarepublica.com\/wp-content\/uploads\/2025\/06\/IMG-20250629-WA0048-e1751239041310-485x360.jpg 485w, https:\/\/periodicolarepublica.com\/wp-content\/uploads\/2025\/06\/IMG-20250629-WA0048-e1751239041310.jpg 495w\" sizes=\"auto, (max-width: 300px) 100vw, 300px\" \/><\/p>\n","protected":false},"excerpt":{"rendered":"<p>El excandidato a diputado por el partido oficialista, Leandro Mieses, reafirm\u00f3 su compromiso con la transformaci\u00f3n social y pol\u00edtica del pa\u00eds, destacando la importancia de mantener una conexi\u00f3n activa con las comunidades y la necesidad de fortalecer la participaci\u00f3n de nuevos liderazgos en el escenario nacional. &nbsp; En el marco de un operativo m\u00e9dico comunitario [&hellip;]<\/p>\n","protected":false},"author":6,"featured_media":3497,"comment_status":"open","ping_status":"open","sticky":false,"template":"","format":"standard","meta":{"om_disable_all_campaigns":false,"_monsterinsights_skip_tracking":false,"_monsterinsights_sitenote_active":false,"_monsterinsights_sitenote_note":"","_monsterinsights_sitenote_category":0,"footnotes":""},"categories":[1],"tags":[],"class_list":{"0":"post-3496","1":"post","2":"type-post","3":"status-publish","4":"format-standard","5":"has-post-thumbnail","7":"category-nacionales"},"aioseo_notices":[],"_links":{"self":[{"href":"https:\/\/periodicolarepublica.com\/index.php\/wp-json\/wp\/v2\/posts\/3496","targetHints":{"allow":["GET"]}}],"collection":[{"href":"https:\/\/periodicolarepublica.com\/index.php\/wp-json\/wp\/v2\/posts"}],"about":[{"href":"https:\/\/periodicolarepublica.com\/index.php\/wp-json\/wp\/v2\/types\/post"}],"author":[{"embeddable":true,"href":"https:\/\/periodicolarepublica.com\/index.php\/wp-json\/wp\/v2\/users\/6"}],"replies":[{"embeddable":true,"href":"https:\/\/periodicolarepublica.com\/index.php\/wp-json\/wp\/v2\/comments?post=3496"}],"version-history":[{"count":3,"href":"https:\/\/periodicolarepublica.com\/index.php\/wp-json\/wp\/v2\/posts\/3496\/revisions"}],"predecessor-version":[{"id":3500,"href":"https:\/\/periodicolarepublica.com\/index.php\/wp-json\/wp\/v2\/posts\/3496\/revisions\/3500"}],"wp:featuredmedia":[{"embeddable":true,"href":"https:\/\/periodicolarepublica.com\/index.php\/wp-json\/wp\/v2\/media\/3497"}],"wp:attachment":[{"href":"https:\/\/periodicolarepublica.com\/index.php\/wp-json\/wp\/v2\/media?parent=3496"}],"wp:term":[{"taxonomy":"category","embeddable":true,"href":"https:\/\/periodicolarepublica.com\/index.php\/wp-json\/wp\/v2\/categories?post=3496"},{"taxonomy":"post_tag","embeddable":true,"href":"https:\/\/periodicolarepublica.com\/index.php\/wp-json\/wp\/v2\/tags?post=3496"}],"curies":[{"name":"wp","href":"https:\/\/api.w.org\/{rel}","templated":true}]}}