{"id":3504,"date":"2025-06-30T14:13:37","date_gmt":"2025-06-30T12:13:37","guid":{"rendered":"https:\/\/periodicolarepublica.com\/?p=3504"},"modified":"2025-06-30T14:31:14","modified_gmt":"2025-06-30T12:31:14","slug":"alcaldia-reinaugura-el-museo-de-historia-de-spm","status":"publish","type":"post","link":"https:\/\/periodicolarepublica.com\/index.php\/2025\/06\/30\/alcaldia-reinaugura-el-museo-de-historia-de-spm\/","title":{"rendered":"Alcald\u00eda reinaugura el Museo de Historia de SPM"},"content":{"rendered":"<p>Con el firme compromiso de preservar la memoria hist\u00f3rica y fortalecer la identidad local, la Alcald\u00eda Municipal de San Pedro de Macor\u00eds, encabezada por el alcalde Raymundo Ortiz, dej\u00f3 formalmente reinaugurado el Museo de Historia de la ciudad, un espacio emblem\u00e1tico que vuelve a abrir sus puertas tras a\u00f1os de cierre y abandono.<\/p>\n<p>La ceremonia se desarroll\u00f3 en un ambiente cargado de emoci\u00f3n, resaltando el profundo valor de rescatar y poner al servicio de la ciudadan\u00eda una parte esencial de nuestra herencia cultural.<\/p>\n<p>El museo, que se encontraba en condiciones deplorables, ha sido completamente restaurado gracias a la implementaci\u00f3n de pol\u00edticas p\u00fablicas enfocadas en el rescate de espacios culturales y a la visi\u00f3n de la actual gesti\u00f3n municipal. La obra devuelve a este recinto su dignidad como espacio fundamental para la historia petromacorisana.<\/p>\n","protected":false},"excerpt":{"rendered":"<p>Con el firme compromiso de preservar la memoria hist\u00f3rica y fortalecer la identidad local, la Alcald\u00eda Municipal de San Pedro de Macor\u00eds, encabezada por el alcalde Raymundo Ortiz, dej\u00f3 formalmente reinaugurado el Museo de Historia de la ciudad, un espacio emblem\u00e1tico que vuelve a abrir sus puertas tras a\u00f1os de cierre y abandono. La ceremonia [&hellip;]<\/p>\n","protected":false},"author":6,"featured_media":0,"comment_status":"open","ping_status":"open","sticky":false,"template":"","format":"standard","meta":{"om_disable_all_campaigns":false,"_monsterinsights_skip_tracking":false,"_monsterinsights_sitenote_active":false,"_monsterinsights_sitenote_note":"","_monsterinsights_sitenote_category":0,"footnotes":""},"categories":[1],"tags":[],"class_list":{"0":"post-3504","1":"post","2":"type-post","3":"status-publish","4":"format-standard","6":"category-nacionales"},"aioseo_notices":[],"_links":{"self":[{"href":"https:\/\/periodicolarepublica.com\/index.php\/wp-json\/wp\/v2\/posts\/3504","targetHints":{"allow":["GET"]}}],"collection":[{"href":"https:\/\/periodicolarepublica.com\/index.php\/wp-json\/wp\/v2\/posts"}],"about":[{"href":"https:\/\/periodicolarepublica.com\/index.php\/wp-json\/wp\/v2\/types\/post"}],"author":[{"embeddable":true,"href":"https:\/\/periodicolarepublica.com\/index.php\/wp-json\/wp\/v2\/users\/6"}],"replies":[{"embeddable":true,"href":"https:\/\/periodicolarepublica.com\/index.php\/wp-json\/wp\/v2\/comments?post=3504"}],"version-history":[{"count":1,"href":"https:\/\/periodicolarepublica.com\/index.php\/wp-json\/wp\/v2\/posts\/3504\/revisions"}],"predecessor-version":[{"id":3505,"href":"https:\/\/periodicolarepublica.com\/index.php\/wp-json\/wp\/v2\/posts\/3504\/revisions\/3505"}],"wp:attachment":[{"href":"https:\/\/periodicolarepublica.com\/index.php\/wp-json\/wp\/v2\/media?parent=3504"}],"wp:term":[{"taxonomy":"category","embeddable":true,"href":"https:\/\/periodicolarepublica.com\/index.php\/wp-json\/wp\/v2\/categories?post=3504"},{"taxonomy":"post_tag","embeddable":true,"href":"https:\/\/periodicolarepublica.com\/index.php\/wp-json\/wp\/v2\/tags?post=3504"}],"curies":[{"name":"wp","href":"https:\/\/api.w.org\/{rel}","templated":true}]}}