{"id":3507,"date":"2025-06-30T14:41:46","date_gmt":"2025-06-30T12:41:46","guid":{"rendered":"https:\/\/periodicolarepublica.com\/?p=3507"},"modified":"2025-06-30T14:43:00","modified_gmt":"2025-06-30T12:43:00","slug":"vecinos-contra-el-ruido-una-lucha-por-paz-salud-y-cumplimiento-de-la-ley-en-republica-dominicana","status":"publish","type":"post","link":"https:\/\/periodicolarepublica.com\/index.php\/2025\/06\/30\/vecinos-contra-el-ruido-una-lucha-por-paz-salud-y-cumplimiento-de-la-ley-en-republica-dominicana\/","title":{"rendered":"Vecinos contra el Ruido: Una lucha por paz, salud y hacer cumplir la ley en RD"},"content":{"rendered":"<p>En un pa\u00eds donde el bullicio se ha convertido en un mal cotidiano que afecta la salud y la calidad de vida de miles de ciudadanos, la iniciativa \u201cVecinos contra el Ruido\u201d se alza como una voz firme en defensa del derecho a la paz, la tranquilidad y la salud. Este movimiento ciudadano ha venido desarrollando una serie de actividades para exigir el cumplimiento y respeto a la Ley 90-19 sobre Prevenci\u00f3n, Supresi\u00f3n y Limitaci\u00f3n de Ruidos Nocivos y Molestos que Producen Contaminaci\u00f3n Sonora.<\/p>\n<p>Su m\u00e1s reciente acci\u00f3n fue una recolecci\u00f3n de firmas frente al Congreso Nacional, donde decenas de ciudadanos expresaron su rechazo a una propuesta legislativa impulsada por una senadora, que busca modificar la mencionada ley, pero dicha propuesta representa una amenaza al derecho fundamental a la salud y podr\u00eda debilitar los mecanismos de protecci\u00f3n contra la contaminaci\u00f3n sonora.<\/p>\n<p>Los miembros del movimiento han reiterado su compromiso de continuar desarrollando actividades pac\u00edficas y legales para defender los derechos de los ciudadanos.\u00a0 el respaldo legal necesario para enfrentar tanto las violaciones a la ley actual como cualquier reforma que atente contra la salud y la paz p\u00fablica<\/p>\n<p>Como abogado y colaborador del movimiento, expres\u00f3 total disposici\u00f3n a apoyar cualquier acci\u00f3n judicial que sea necesaria para garantizar el cumplimiento de la ley y la defensa de los derechos fundamentales.<\/p>\n<p>\u00c9xitos a esta valiente iniciativa. Que Dios bendiga su causa y fortalezca el camino hacia una Rep\u00fablica Dominicana m\u00e1s pac\u00edfica y saludable.<\/p>\n<p>M\u00e1ximo Mi\u00f1oso, Abogado y Director del Medio La Rep\u00fablica<\/p>\n<p><img loading=\"lazy\" decoding=\"async\" class=\"alignnone size-full wp-image-3509\" src=\"https:\/\/periodicolarepublica.com\/wp-content\/uploads\/2025\/06\/IMG_20250630_084105.jpg\" alt=\"\" width=\"291\" height=\"173\" srcset=\"https:\/\/periodicolarepublica.com\/wp-content\/uploads\/2025\/06\/IMG_20250630_084105.jpg 291w, https:\/\/periodicolarepublica.com\/wp-content\/uploads\/2025\/06\/IMG_20250630_084105-150x89.jpg 150w\" sizes=\"auto, (max-width: 291px) 100vw, 291px\" \/><\/p>\n","protected":false},"excerpt":{"rendered":"<p>En un pa\u00eds donde el bullicio se ha convertido en un mal cotidiano que afecta la salud y la calidad de vida de miles de ciudadanos, la iniciativa \u201cVecinos contra el Ruido\u201d se alza como una voz firme en defensa del derecho a la paz, la tranquilidad y la salud. Este movimiento ciudadano ha venido [&hellip;]<\/p>\n","protected":false},"author":1,"featured_media":3509,"comment_status":"open","ping_status":"open","sticky":false,"template":"","format":"standard","meta":{"om_disable_all_campaigns":false,"_monsterinsights_skip_tracking":false,"_monsterinsights_sitenote_active":false,"_monsterinsights_sitenote_note":"","_monsterinsights_sitenote_category":0,"footnotes":""},"categories":[1],"tags":[403,387,402],"class_list":{"0":"post-3507","1":"post","2":"type-post","3":"status-publish","4":"format-standard","5":"has-post-thumbnail","7":"category-nacionales","8":"tag-ley-90-19","9":"tag-ruido","10":"tag-vecinos-contra-el-ruido"},"aioseo_notices":[],"_links":{"self":[{"href":"https:\/\/periodicolarepublica.com\/index.php\/wp-json\/wp\/v2\/posts\/3507","targetHints":{"allow":["GET"]}}],"collection":[{"href":"https:\/\/periodicolarepublica.com\/index.php\/wp-json\/wp\/v2\/posts"}],"about":[{"href":"https:\/\/periodicolarepublica.com\/index.php\/wp-json\/wp\/v2\/types\/post"}],"author":[{"embeddable":true,"href":"https:\/\/periodicolarepublica.com\/index.php\/wp-json\/wp\/v2\/users\/1"}],"replies":[{"embeddable":true,"href":"https:\/\/periodicolarepublica.com\/index.php\/wp-json\/wp\/v2\/comments?post=3507"}],"version-history":[{"count":2,"href":"https:\/\/periodicolarepublica.com\/index.php\/wp-json\/wp\/v2\/posts\/3507\/revisions"}],"predecessor-version":[{"id":3511,"href":"https:\/\/periodicolarepublica.com\/index.php\/wp-json\/wp\/v2\/posts\/3507\/revisions\/3511"}],"wp:featuredmedia":[{"embeddable":true,"href":"https:\/\/periodicolarepublica.com\/index.php\/wp-json\/wp\/v2\/media\/3509"}],"wp:attachment":[{"href":"https:\/\/periodicolarepublica.com\/index.php\/wp-json\/wp\/v2\/media?parent=3507"}],"wp:term":[{"taxonomy":"category","embeddable":true,"href":"https:\/\/periodicolarepublica.com\/index.php\/wp-json\/wp\/v2\/categories?post=3507"},{"taxonomy":"post_tag","embeddable":true,"href":"https:\/\/periodicolarepublica.com\/index.php\/wp-json\/wp\/v2\/tags?post=3507"}],"curies":[{"name":"wp","href":"https:\/\/api.w.org\/{rel}","templated":true}]}}