{"id":3513,"date":"2025-06-30T16:16:15","date_gmt":"2025-06-30T14:16:15","guid":{"rendered":"https:\/\/periodicolarepublica.com\/?p=3513"},"modified":"2025-06-30T16:16:15","modified_gmt":"2025-06-30T14:16:15","slug":"luis-abinader-y-la-consolidacion-de-un-liderazgo-transformador","status":"publish","type":"post","link":"https:\/\/periodicolarepublica.com\/index.php\/2025\/06\/30\/luis-abinader-y-la-consolidacion-de-un-liderazgo-transformador\/","title":{"rendered":"\u201cLuis Abinader y la consolidaci\u00f3n de un liderazgo transformador\u201d"},"content":{"rendered":"<p>Desde que asumi\u00f3 la presidencia en agosto de 2020, Luis Abinader ha marcado un antes y un despu\u00e9s en la vida institucional de la Rep\u00fablica Dominicana. Con el lema del \u00abcambio\u00bb, su gesti\u00f3n se propuso transformar la manera en que se gobierna, priorizando la transparencia, la eficiencia y el desarrollo sostenible. Cuatro a\u00f1os despu\u00e9s, al ser reelecto en 2024, el pueblo dominicano reafirm\u00f3 su confianza, d\u00e1ndole luz verde a una nueva etapa: la profundizaci\u00f3n del cambio.<\/p>\n<p>Esta segunda etapa no es simplemente una continuaci\u00f3n. Es una fase superior en t\u00e9rminos de visi\u00f3n y ejecuci\u00f3n. El presidente Abinader ha comprendido que los cambios estructurales necesitan tiempo, constancia y voluntad pol\u00edtica. Por eso, su gobierno ha intensificado el ritmo, llevando a cabo una agenda activa de inauguraciones, reformas y obras que impactan directamente en la calidad de vida de los ciudadanos.<\/p>\n<p>La transformaci\u00f3n que vive el pa\u00eds se manifiesta en m\u00faltiples \u00e1reas: infraestructura vial, salud, educaci\u00f3n, seguridad ciudadana y desarrollo econ\u00f3mico. Desde modernas carreteras hasta hospitales de \u00faltima generaci\u00f3n, pasando por programas de apoyo a emprendedores y a sectores productivos, se est\u00e1 sentando la base para un pa\u00eds m\u00e1s competitivo y equitativo.<\/p>\n<p>Uno de los pilares de esta profundizaci\u00f3n del cambio ha sido el enfoque descentralizado. El presidente ha visitado todas las provincias, escuchando de primera mano las necesidades de la gente. Las obras no se concentran ya en el Gran Santo Domingo; se distribuyen equitativamente, llevando desarrollo donde antes solo hab\u00eda promesas.<\/p>\n<p>La visi\u00f3n de Abinader no se limita al presente. \u00c9l ha sido claro: quiere que, al concluir su mandato en el 2028, la Rep\u00fablica Dominicana sea un pa\u00eds m\u00e1s avanzado, institucionalmente fuerte y con una econom\u00eda s\u00f3lida. Su meta es dejar un legado que trascienda gobiernos y partidos: un pa\u00eds encaminado a ser desarrollado.<\/p>\n<p>La estabilidad macroecon\u00f3mica que ha mantenido su gesti\u00f3n, incluso en tiempos globales dif\u00edciles, como la pandemia y las crisis internacionales, es una muestra del compromiso con un modelo de desarrollo sostenible. Las inversiones extranjeras siguen llegando, el turismo ha alcanzado cifras r\u00e9cord, y el empleo formal contin\u00faa creciendo.<\/p>\n<p>Pero no se trata solo de cifras. El cambio tambi\u00e9n se ve en la confianza del ciudadano. La percepci\u00f3n sobre el manejo de los recursos p\u00fablicos ha mejorado, la lucha contra la corrupci\u00f3n ha tenido avances significativos y la institucionalidad se ha fortalecido. Estos son logros que la poblaci\u00f3n valora y que explican por qu\u00e9 se renov\u00f3 el mandato presidencial en 2024.<\/p>\n<p>El presidente no ha ca\u00eddo en el conformismo. A medida que avanza su segundo mandato, su ritmo de trabajo se intensifica. Cada semana hay nuevas inauguraciones, visitas permanentes y proyectos en marcha. Luis Abinader ha asumido el compromiso de trabajar hasta el \u00faltimo d\u00eda con la misma energ\u00eda que tuvo el primero.<\/p>\n<p>La frase \u00abes tiempo de profundizar el cambio\u00bb no ha sido solo un eslogan electoral; se ha convertido en una gu\u00eda de acci\u00f3n. Y lo que estamos viendo ahora es la cosecha de una siembra bien planificada, honesta y con visi\u00f3n de futuro. El pa\u00eds est\u00e1 cambiando, y lo est\u00e1 haciendo con paso firme.<\/p>\n<p>Si esta tendencia contin\u00faa, el cambio iniciado por Luis Abinader no se detendr\u00e1 en el 2028. Su legado podr\u00eda ser la base para un nuevo modelo de gobernabilidad dominicana, donde lo normal sea avanzar, construir, incluir y desarrollar. La historia lo dir\u00e1, pero los hechos de hoy ya est\u00e1n escribiendo las primeras l\u00edneas de un futuro que parec\u00eda lejano, y que ahora, gracias al cambio, est\u00e1 cada vez m\u00e1s cerca.<img loading=\"lazy\" decoding=\"async\" class=\"size-medium wp-image-3134 alignright\" src=\"https:\/\/periodicolarepublica.com\/wp-content\/uploads\/2025\/04\/IMG_20250425_184118-300x291.jpg\" alt=\"\" width=\"300\" height=\"291\" srcset=\"https:\/\/periodicolarepublica.com\/wp-content\/uploads\/2025\/04\/IMG_20250425_184118-300x291.jpg?v=1745774087 300w, https:\/\/periodicolarepublica.com\/wp-content\/uploads\/2025\/04\/IMG_20250425_184118-1024x992.jpg?v=1745774087 1024w, https:\/\/periodicolarepublica.com\/wp-content\/uploads\/2025\/04\/IMG_20250425_184118-768x744.jpg?v=1745774087 768w, https:\/\/periodicolarepublica.com\/wp-content\/uploads\/2025\/04\/IMG_20250425_184118-1536x1487.jpg?v=1745774087 1536w, https:\/\/periodicolarepublica.com\/wp-content\/uploads\/2025\/04\/IMG_20250425_184118-2048x1983.jpg?v=1745774087 2048w, https:\/\/periodicolarepublica.com\/wp-content\/uploads\/2025\/04\/IMG_20250425_184118-150x145.jpg?v=1745774087 150w, https:\/\/periodicolarepublica.com\/wp-content\/uploads\/2025\/04\/IMG_20250425_184118-600x581.jpg?v=1745774087 600w, https:\/\/periodicolarepublica.com\/wp-content\/uploads\/2025\/04\/IMG_20250425_184118-696x674.jpg?v=1745774087 696w, https:\/\/periodicolarepublica.com\/wp-content\/uploads\/2025\/04\/IMG_20250425_184118-1392x1348.jpg?v=1745774087 1392w, https:\/\/periodicolarepublica.com\/wp-content\/uploads\/2025\/04\/IMG_20250425_184118-1068x1034.jpg?v=1745774087 1068w, https:\/\/periodicolarepublica.com\/wp-content\/uploads\/2025\/04\/IMG_20250425_184118-1920x1859.jpg?v=1745774087 1920w\" sizes=\"auto, (max-width: 300px) 100vw, 300px\" \/><\/p>\n","protected":false},"excerpt":{"rendered":"<p>Desde que asumi\u00f3 la presidencia en agosto de 2020, Luis Abinader ha marcado un antes y un despu\u00e9s en la vida institucional de la Rep\u00fablica Dominicana. Con el lema del \u00abcambio\u00bb, su gesti\u00f3n se propuso transformar la manera en que se gobierna, priorizando la transparencia, la eficiencia y el desarrollo sostenible. Cuatro a\u00f1os despu\u00e9s, al [&hellip;]<\/p>\n","protected":false},"author":10,"featured_media":3134,"comment_status":"open","ping_status":"open","sticky":false,"template":"","format":"standard","meta":{"om_disable_all_campaigns":false,"_monsterinsights_skip_tracking":false,"_monsterinsights_sitenote_active":false,"_monsterinsights_sitenote_note":"","_monsterinsights_sitenote_category":0,"footnotes":""},"categories":[1],"tags":[163],"class_list":{"0":"post-3513","1":"post","2":"type-post","3":"status-publish","4":"format-standard","5":"has-post-thumbnail","7":"category-nacionales","8":"tag-tomas-hernandez-alberto"},"aioseo_notices":[],"_links":{"self":[{"href":"https:\/\/periodicolarepublica.com\/index.php\/wp-json\/wp\/v2\/posts\/3513","targetHints":{"allow":["GET"]}}],"collection":[{"href":"https:\/\/periodicolarepublica.com\/index.php\/wp-json\/wp\/v2\/posts"}],"about":[{"href":"https:\/\/periodicolarepublica.com\/index.php\/wp-json\/wp\/v2\/types\/post"}],"author":[{"embeddable":true,"href":"https:\/\/periodicolarepublica.com\/index.php\/wp-json\/wp\/v2\/users\/10"}],"replies":[{"embeddable":true,"href":"https:\/\/periodicolarepublica.com\/index.php\/wp-json\/wp\/v2\/comments?post=3513"}],"version-history":[{"count":1,"href":"https:\/\/periodicolarepublica.com\/index.php\/wp-json\/wp\/v2\/posts\/3513\/revisions"}],"predecessor-version":[{"id":3514,"href":"https:\/\/periodicolarepublica.com\/index.php\/wp-json\/wp\/v2\/posts\/3513\/revisions\/3514"}],"wp:featuredmedia":[{"embeddable":true,"href":"https:\/\/periodicolarepublica.com\/index.php\/wp-json\/wp\/v2\/media\/3134"}],"wp:attachment":[{"href":"https:\/\/periodicolarepublica.com\/index.php\/wp-json\/wp\/v2\/media?parent=3513"}],"wp:term":[{"taxonomy":"category","embeddable":true,"href":"https:\/\/periodicolarepublica.com\/index.php\/wp-json\/wp\/v2\/categories?post=3513"},{"taxonomy":"post_tag","embeddable":true,"href":"https:\/\/periodicolarepublica.com\/index.php\/wp-json\/wp\/v2\/tags?post=3513"}],"curies":[{"name":"wp","href":"https:\/\/api.w.org\/{rel}","templated":true}]}}