{"id":3515,"date":"2025-06-30T16:26:52","date_gmt":"2025-06-30T14:26:52","guid":{"rendered":"https:\/\/periodicolarepublica.com\/?p=3515"},"modified":"2025-06-30T16:26:52","modified_gmt":"2025-06-30T14:26:52","slug":"ministro-joel-santos-saluda-resolucion-de-la-junta-monetaria-favorece-financiamiento-energetico-en-moneda-extranjera","status":"publish","type":"post","link":"https:\/\/periodicolarepublica.com\/index.php\/2025\/06\/30\/ministro-joel-santos-saluda-resolucion-de-la-junta-monetaria-favorece-financiamiento-energetico-en-moneda-extranjera\/","title":{"rendered":"Ministro Joel Santos saluda resoluci\u00f3n de la Junta Monetaria favorece financiamiento energ\u00e9tico en moneda extranjera"},"content":{"rendered":"<p>El ministro de Energ\u00eda y Minas, Joel Santos, salud\u00f3 la reciente resoluci\u00f3n emitida por el Banco Central de la Rep\u00fablica Dominicana y la Junta Monetaria, en la que se introduce una modificaci\u00f3n favorable al tratamiento de los denominados \u201cSectores Estrat\u00e9gicos\u201d, permitiendo mayor acceso al financiamiento en moneda extranjera para proyectos vinculados a la producci\u00f3n de energ\u00eda.<\/p>\n<p>Resalt\u00f3 el liderazgo del gobernador del Banco Central, H\u00e9ctor Valdez Albizu y de los miembros de la Junta Monetaria, al adoptar una medida que consider\u00f3 \u201cclave para dinamizar la inversi\u00f3n la inversi\u00f3n en un sector esencial para el desarrollo sostenible del pa\u00eds, adem\u00e1s de generar importantes ahorros de divisas al pa\u00eds, reduciendo su dependencia de combustibles f\u00f3siles, tomando en cuenta la incertidumbre en los precios del petr\u00f3leo\u201d.<\/p>\n<p>\u201cEl Gobierno dominicano trabaja con una visi\u00f3n estrat\u00e9gica, orientada a consolidar la transici\u00f3n energ\u00e9tica y fortalecer el sistema el\u00e9ctrico nacional. Esta resoluci\u00f3n reconoce que el sector energ\u00e9tico es prioritario y demanda mecanismos financieros que est\u00e9n alineados con la realidad de las inversiones y su impacto en la econom\u00eda\u201d, afirm\u00f3 el ministro.<\/p>\n<p>&nbsp;<\/p>\n<p>Santos record\u00f3 que, en la actualidad, en el pa\u00eds se est\u00e1n desarrollando 20 proyectos de energ\u00edas renovables y otros 22 se encuentran en fase de iniciar construcci\u00f3n, lo que evidencia el compromiso firme del Gobierno con la diversificaci\u00f3n de la matriz energ\u00e9tica nacional. Explic\u00f3 que esas iniciativas abarcan fuentes renovables y que, una vez concluidas, aportar\u00e1n duplicar\u00e1n la capacidad de energ\u00edas renovables al Sistema El\u00e9ctrico Nacional Interconectado (SENI).<\/p>\n<p>&nbsp;<\/p>\n<p>El ministro expres\u00f3 que sector energ\u00e9tico ha sido uno de los dos principales de la econom\u00eda de mayor recepci\u00f3n de inversi\u00f3n en los \u00faltimos tres a\u00f1os, reflejo del clima de confianza que ofrece la Rep\u00fablica Dominicana para el desarrollo de proyectos sostenibles.<\/p>\n<p><img loading=\"lazy\" decoding=\"async\" class=\"alignnone size-medium wp-image-2911\" src=\"https:\/\/periodicolarepublica.com\/wp-content\/uploads\/2025\/03\/fachada-MEM-1-e1751293560273-300x167.webp\" alt=\"\" width=\"300\" height=\"167\" srcset=\"https:\/\/periodicolarepublica.com\/wp-content\/uploads\/2025\/03\/fachada-MEM-1-e1751293560273-300x167.webp 300w, https:\/\/periodicolarepublica.com\/wp-content\/uploads\/2025\/03\/fachada-MEM-1-e1751293560273-1024x569.webp 1024w, https:\/\/periodicolarepublica.com\/wp-content\/uploads\/2025\/03\/fachada-MEM-1-e1751293560273-768x427.webp 768w, https:\/\/periodicolarepublica.com\/wp-content\/uploads\/2025\/03\/fachada-MEM-1-e1751293560273-150x83.webp 150w, https:\/\/periodicolarepublica.com\/wp-content\/uploads\/2025\/03\/fachada-MEM-1-e1751293560273-600x334.webp 600w, https:\/\/periodicolarepublica.com\/wp-content\/uploads\/2025\/03\/fachada-MEM-1-e1751293560273-696x387.webp 696w, https:\/\/periodicolarepublica.com\/wp-content\/uploads\/2025\/03\/fachada-MEM-1-e1751293560273-1068x594.webp 1068w, https:\/\/periodicolarepublica.com\/wp-content\/uploads\/2025\/03\/fachada-MEM-1-e1751293560273.webp 1295w\" sizes=\"auto, (max-width: 300px) 100vw, 300px\" \/><\/p>\n","protected":false},"excerpt":{"rendered":"<p>El ministro de Energ\u00eda y Minas, Joel Santos, salud\u00f3 la reciente resoluci\u00f3n emitida por el Banco Central de la Rep\u00fablica Dominicana y la Junta Monetaria, en la que se introduce una modificaci\u00f3n favorable al tratamiento de los denominados \u201cSectores Estrat\u00e9gicos\u201d, permitiendo mayor acceso al financiamiento en moneda extranjera para proyectos vinculados a la producci\u00f3n de [&hellip;]<\/p>\n","protected":false},"author":6,"featured_media":2911,"comment_status":"open","ping_status":"open","sticky":false,"template":"","format":"standard","meta":{"om_disable_all_campaigns":false,"_monsterinsights_skip_tracking":false,"_monsterinsights_sitenote_active":false,"_monsterinsights_sitenote_note":"","_monsterinsights_sitenote_category":0,"footnotes":""},"categories":[1],"tags":[],"class_list":{"0":"post-3515","1":"post","2":"type-post","3":"status-publish","4":"format-standard","5":"has-post-thumbnail","7":"category-nacionales"},"aioseo_notices":[],"_links":{"self":[{"href":"https:\/\/periodicolarepublica.com\/index.php\/wp-json\/wp\/v2\/posts\/3515","targetHints":{"allow":["GET"]}}],"collection":[{"href":"https:\/\/periodicolarepublica.com\/index.php\/wp-json\/wp\/v2\/posts"}],"about":[{"href":"https:\/\/periodicolarepublica.com\/index.php\/wp-json\/wp\/v2\/types\/post"}],"author":[{"embeddable":true,"href":"https:\/\/periodicolarepublica.com\/index.php\/wp-json\/wp\/v2\/users\/6"}],"replies":[{"embeddable":true,"href":"https:\/\/periodicolarepublica.com\/index.php\/wp-json\/wp\/v2\/comments?post=3515"}],"version-history":[{"count":1,"href":"https:\/\/periodicolarepublica.com\/index.php\/wp-json\/wp\/v2\/posts\/3515\/revisions"}],"predecessor-version":[{"id":3516,"href":"https:\/\/periodicolarepublica.com\/index.php\/wp-json\/wp\/v2\/posts\/3515\/revisions\/3516"}],"wp:featuredmedia":[{"embeddable":true,"href":"https:\/\/periodicolarepublica.com\/index.php\/wp-json\/wp\/v2\/media\/2911"}],"wp:attachment":[{"href":"https:\/\/periodicolarepublica.com\/index.php\/wp-json\/wp\/v2\/media?parent=3515"}],"wp:term":[{"taxonomy":"category","embeddable":true,"href":"https:\/\/periodicolarepublica.com\/index.php\/wp-json\/wp\/v2\/categories?post=3515"},{"taxonomy":"post_tag","embeddable":true,"href":"https:\/\/periodicolarepublica.com\/index.php\/wp-json\/wp\/v2\/tags?post=3515"}],"curies":[{"name":"wp","href":"https:\/\/api.w.org\/{rel}","templated":true}]}}