{"id":3519,"date":"2025-06-30T16:47:12","date_gmt":"2025-06-30T14:47:12","guid":{"rendered":"https:\/\/periodicolarepublica.com\/?p=3519"},"modified":"2025-06-30T16:47:12","modified_gmt":"2025-06-30T14:47:12","slug":"grupo-popular-reconoce-a-marino-d-espinal-como-consejero-emerito","status":"publish","type":"post","link":"https:\/\/periodicolarepublica.com\/index.php\/2025\/06\/30\/grupo-popular-reconoce-a-marino-d-espinal-como-consejero-emerito\/","title":{"rendered":"Grupo Popular reconoce a Marino D. Espinal como Consejero Em\u00e9rito"},"content":{"rendered":"<p>Grupo Popular y el Banco Popular Dominicano celebraron un emotivo acto de reconocimiento en honor al se\u00f1or Marino D. Espinal, quien ha sido designado como Consejero Em\u00e9rito de los Consejos de Administraci\u00f3n de ambas entidades, en reconocimiento a su destacada trayectoria, compromiso institucional y valiosas contribuciones durante m\u00e1s de 40 a\u00f1os al grupo financiero.<\/p>\n<p>El reconocimiento como consejero em\u00e9rito de los Consejos de Administraci\u00f3n de Grupo Popular y Banco Popular Dominicano es el m\u00e1s alto honor que se concede en ambas empresas.<\/p>\n<p>Durante la ceremonia, el presidente del Consejo de Administraci\u00f3n del Grupo Popular, se\u00f1or Manuel A. Grull\u00f3n, reconoci\u00f3 la vida de servicio y liderazgo del se\u00f1or Marino D. Espinal. \u201cLa trayectoria de don Marino constituye, para todos nosotros, un legado viviente de un extraordinario valor, que gravita en el presente y que acompa\u00f1ar\u00e1 el futuro de nuestra organizaci\u00f3n financiera\u201d, subray\u00f3 el se\u00f1or Grull\u00f3n.<\/p>\n<p>En sus palabras de agradecimiento, el se\u00f1or Marino D. Espinal expres\u00f3 que cierra \u201cesta etapa con profunda gratitud y la satisfacci\u00f3n de haber contribuido al crecimiento de una organizaci\u00f3n de base firme, comprometida con el desarrollo del pa\u00eds y con las futuras generaciones\u201d.<\/p>\n<p><img loading=\"lazy\" decoding=\"async\" class=\"alignnone size-medium wp-image-3521\" src=\"https:\/\/periodicolarepublica.com\/wp-content\/uploads\/2025\/06\/ISM07481-PRINCIPAL-scaled-e1751294763419-300x256.jpg\" alt=\"\" width=\"300\" height=\"256\" srcset=\"https:\/\/periodicolarepublica.com\/wp-content\/uploads\/2025\/06\/ISM07481-PRINCIPAL-scaled-e1751294763419-300x256.jpg 300w, https:\/\/periodicolarepublica.com\/wp-content\/uploads\/2025\/06\/ISM07481-PRINCIPAL-scaled-e1751294763419-1024x874.jpg 1024w, https:\/\/periodicolarepublica.com\/wp-content\/uploads\/2025\/06\/ISM07481-PRINCIPAL-scaled-e1751294763419-768x656.jpg 768w, https:\/\/periodicolarepublica.com\/wp-content\/uploads\/2025\/06\/ISM07481-PRINCIPAL-scaled-e1751294763419-150x128.jpg 150w, https:\/\/periodicolarepublica.com\/wp-content\/uploads\/2025\/06\/ISM07481-PRINCIPAL-scaled-e1751294763419-600x512.jpg 600w, https:\/\/periodicolarepublica.com\/wp-content\/uploads\/2025\/06\/ISM07481-PRINCIPAL-scaled-e1751294763419-696x594.jpg 696w, https:\/\/periodicolarepublica.com\/wp-content\/uploads\/2025\/06\/ISM07481-PRINCIPAL-scaled-e1751294763419.jpg 1038w\" sizes=\"auto, (max-width: 300px) 100vw, 300px\" \/><\/p>\n<p>&nbsp;<\/p>\n","protected":false},"excerpt":{"rendered":"<p>Grupo Popular y el Banco Popular Dominicano celebraron un emotivo acto de reconocimiento en honor al se\u00f1or Marino D. Espinal, quien ha sido designado como Consejero Em\u00e9rito de los Consejos de Administraci\u00f3n de ambas entidades, en reconocimiento a su destacada trayectoria, compromiso institucional y valiosas contribuciones durante m\u00e1s de 40 a\u00f1os al grupo financiero. El [&hellip;]<\/p>\n","protected":false},"author":6,"featured_media":3521,"comment_status":"open","ping_status":"open","sticky":false,"template":"","format":"standard","meta":{"om_disable_all_campaigns":false,"_monsterinsights_skip_tracking":false,"_monsterinsights_sitenote_active":false,"_monsterinsights_sitenote_note":"","_monsterinsights_sitenote_category":0,"footnotes":""},"categories":[33,1],"tags":[76,404,119],"class_list":{"0":"post-3519","1":"post","2":"type-post","3":"status-publish","4":"format-standard","5":"has-post-thumbnail","7":"category-canal-financiero","8":"category-nacionales","9":"tag-banco-popular-dominicano","10":"tag-cristian-paniagua","11":"tag-popularenlinea-com"},"aioseo_notices":[],"_links":{"self":[{"href":"https:\/\/periodicolarepublica.com\/index.php\/wp-json\/wp\/v2\/posts\/3519","targetHints":{"allow":["GET"]}}],"collection":[{"href":"https:\/\/periodicolarepublica.com\/index.php\/wp-json\/wp\/v2\/posts"}],"about":[{"href":"https:\/\/periodicolarepublica.com\/index.php\/wp-json\/wp\/v2\/types\/post"}],"author":[{"embeddable":true,"href":"https:\/\/periodicolarepublica.com\/index.php\/wp-json\/wp\/v2\/users\/6"}],"replies":[{"embeddable":true,"href":"https:\/\/periodicolarepublica.com\/index.php\/wp-json\/wp\/v2\/comments?post=3519"}],"version-history":[{"count":2,"href":"https:\/\/periodicolarepublica.com\/index.php\/wp-json\/wp\/v2\/posts\/3519\/revisions"}],"predecessor-version":[{"id":3522,"href":"https:\/\/periodicolarepublica.com\/index.php\/wp-json\/wp\/v2\/posts\/3519\/revisions\/3522"}],"wp:featuredmedia":[{"embeddable":true,"href":"https:\/\/periodicolarepublica.com\/index.php\/wp-json\/wp\/v2\/media\/3521"}],"wp:attachment":[{"href":"https:\/\/periodicolarepublica.com\/index.php\/wp-json\/wp\/v2\/media?parent=3519"}],"wp:term":[{"taxonomy":"category","embeddable":true,"href":"https:\/\/periodicolarepublica.com\/index.php\/wp-json\/wp\/v2\/categories?post=3519"},{"taxonomy":"post_tag","embeddable":true,"href":"https:\/\/periodicolarepublica.com\/index.php\/wp-json\/wp\/v2\/tags?post=3519"}],"curies":[{"name":"wp","href":"https:\/\/api.w.org\/{rel}","templated":true}]}}