{"id":352,"date":"2024-02-01T22:59:16","date_gmt":"2024-02-01T21:59:16","guid":{"rendered":"https:\/\/periodicolarepublica.com\/?p=352"},"modified":"2024-02-01T22:59:16","modified_gmt":"2024-02-01T21:59:16","slug":"la-inteligencia-artificial-se-ha-convertido-en-una-de-las-principales-ventajas-competitivas","status":"publish","type":"post","link":"https:\/\/periodicolarepublica.com\/index.php\/2024\/02\/01\/la-inteligencia-artificial-se-ha-convertido-en-una-de-las-principales-ventajas-competitivas\/","title":{"rendered":"La inteligencia artificial SE HA CONVERTIDO EN UNA DE LAS PRINCIPALES VENTAJAS COMPETITIVAS"},"content":{"rendered":"<hr \/>\n<p><img loading=\"lazy\" decoding=\"async\" class=\"alignnone size-medium wp-image-353\" src=\"https:\/\/periodicolarepublica.com\/wp-content\/uploads\/2024\/02\/Sede-CEF.-Santo-Domingo.-Novocentro-300x200.jpg\" alt=\"\" width=\"300\" height=\"200\" \/><\/p>\n<p>CEF.- Santo Domingo, instituci\u00f3n de educaci\u00f3n superior ubicada en el centro comercial Novocentro, considera la formaci\u00f3n en IA como clave la inserci\u00f3n laboral y el emprendimiento, por eso inicia el pr\u00f3ximo 21 de febrero (2024) un curso espec\u00edfico para mejorar la productividad de los profesionales y directivos mediante Inteligencia Artificial.<\/p>\n<p>&nbsp;<\/p>\n","protected":false},"excerpt":{"rendered":"<p>CEF.- Santo Domingo, instituci\u00f3n de educaci\u00f3n superior ubicada en el centro comercial Novocentro, considera la formaci\u00f3n en IA como clave la inserci\u00f3n laboral y el emprendimiento, por eso inicia el pr\u00f3ximo 21 de febrero (2024) un curso espec\u00edfico para mejorar la productividad de los profesionales y directivos mediante Inteligencia Artificial. &nbsp;<\/p>\n","protected":false},"author":1,"featured_media":353,"comment_status":"open","ping_status":"open","sticky":false,"template":"","format":"standard","meta":{"om_disable_all_campaigns":false,"_monsterinsights_skip_tracking":false,"_monsterinsights_sitenote_active":false,"_monsterinsights_sitenote_note":"","_monsterinsights_sitenote_category":0,"footnotes":""},"categories":[1],"tags":[],"class_list":{"0":"post-352","1":"post","2":"type-post","3":"status-publish","4":"format-standard","5":"has-post-thumbnail","7":"category-nacionales"},"aioseo_notices":[],"_links":{"self":[{"href":"https:\/\/periodicolarepublica.com\/index.php\/wp-json\/wp\/v2\/posts\/352","targetHints":{"allow":["GET"]}}],"collection":[{"href":"https:\/\/periodicolarepublica.com\/index.php\/wp-json\/wp\/v2\/posts"}],"about":[{"href":"https:\/\/periodicolarepublica.com\/index.php\/wp-json\/wp\/v2\/types\/post"}],"author":[{"embeddable":true,"href":"https:\/\/periodicolarepublica.com\/index.php\/wp-json\/wp\/v2\/users\/1"}],"replies":[{"embeddable":true,"href":"https:\/\/periodicolarepublica.com\/index.php\/wp-json\/wp\/v2\/comments?post=352"}],"version-history":[{"count":1,"href":"https:\/\/periodicolarepublica.com\/index.php\/wp-json\/wp\/v2\/posts\/352\/revisions"}],"predecessor-version":[{"id":354,"href":"https:\/\/periodicolarepublica.com\/index.php\/wp-json\/wp\/v2\/posts\/352\/revisions\/354"}],"wp:featuredmedia":[{"embeddable":true,"href":"https:\/\/periodicolarepublica.com\/index.php\/wp-json\/wp\/v2\/media\/353"}],"wp:attachment":[{"href":"https:\/\/periodicolarepublica.com\/index.php\/wp-json\/wp\/v2\/media?parent=352"}],"wp:term":[{"taxonomy":"category","embeddable":true,"href":"https:\/\/periodicolarepublica.com\/index.php\/wp-json\/wp\/v2\/categories?post=352"},{"taxonomy":"post_tag","embeddable":true,"href":"https:\/\/periodicolarepublica.com\/index.php\/wp-json\/wp\/v2\/tags?post=352"}],"curies":[{"name":"wp","href":"https:\/\/api.w.org\/{rel}","templated":true}]}}