{"id":3523,"date":"2025-06-30T18:31:18","date_gmt":"2025-06-30T16:31:18","guid":{"rendered":"https:\/\/periodicolarepublica.com\/?p=3523"},"modified":"2025-06-30T18:31:18","modified_gmt":"2025-06-30T16:31:18","slug":"arajet-asume-copresidencia-del-comite-de-seguridad-de-vuelos-y-operaciones-de-alta","status":"publish","type":"post","link":"https:\/\/periodicolarepublica.com\/index.php\/2025\/06\/30\/arajet-asume-copresidencia-del-comite-de-seguridad-de-vuelos-y-operaciones-de-alta\/","title":{"rendered":"Arajet asume Copresidencia del comit\u00e9 de seguridad de vuelos y operaciones de ALTA"},"content":{"rendered":"<p>La aerol\u00ednea Dominicana estar\u00e1 representada por Herman Schumacher VP de seguridad y calidad<\/p>\n<p>La Asociaci\u00f3n Latinoamericana y del Caribe de Transporte A\u00e9reo (ALTA), anunci\u00f3 el nombramiento de Herman Schumacher como el Co-Presidente del comit\u00e9 de seguridad y operaciones de vuelos.<\/p>\n<p>La designaci\u00f3n, la cual se realiz\u00f3 sobre la base de la destacada labor y trayectoria de Schumacher, quien funge como vicepresidente de operaciones de seguridad y calidad de Arajet, fue anunciada en el marco de los preparativos para el ALTA Aviation Safety, Flight Ops &amp; Training Summit, uno de los principales encuentros de seguridad operacional en la regi\u00f3n.<\/p>\n<p>Cada a\u00f1o, durante este importante evento, ALTA presenta formalmente a los nuevos l\u00edderes que asumir\u00e1n el compromiso de guiar el trabajo colaborativo de este comit\u00e9 t\u00e9cnico, el cual tiene como objetivo identificar y mitigar los principales riesgos que enfrentan las operaciones a\u00e9reas en Am\u00e9rica Latina y el Caribe.<\/p>\n<p style=\"text-align: left;\"><img loading=\"lazy\" decoding=\"async\" class=\"alignnone size-medium wp-image-2818\" src=\"https:\/\/periodicolarepublica.com\/wp-content\/uploads\/2025\/03\/Primer-oficial-Arajet-scaled-e1751301066359-300x220.jpg\" alt=\"\" width=\"300\" height=\"220\" srcset=\"https:\/\/periodicolarepublica.com\/wp-content\/uploads\/2025\/03\/Primer-oficial-Arajet-scaled-e1751301066359-300x220.jpg 300w, https:\/\/periodicolarepublica.com\/wp-content\/uploads\/2025\/03\/Primer-oficial-Arajet-scaled-e1751301066359-768x562.jpg 768w, https:\/\/periodicolarepublica.com\/wp-content\/uploads\/2025\/03\/Primer-oficial-Arajet-scaled-e1751301066359-150x110.jpg 150w, https:\/\/periodicolarepublica.com\/wp-content\/uploads\/2025\/03\/Primer-oficial-Arajet-scaled-e1751301066359-600x439.jpg 600w, https:\/\/periodicolarepublica.com\/wp-content\/uploads\/2025\/03\/Primer-oficial-Arajet-scaled-e1751301066359-696x510.jpg 696w, https:\/\/periodicolarepublica.com\/wp-content\/uploads\/2025\/03\/Primer-oficial-Arajet-scaled-e1751301066359.jpg 937w\" sizes=\"auto, (max-width: 300px) 100vw, 300px\" \/><\/p>\n","protected":false},"excerpt":{"rendered":"<p>La aerol\u00ednea Dominicana estar\u00e1 representada por Herman Schumacher VP de seguridad y calidad La Asociaci\u00f3n Latinoamericana y del Caribe de Transporte A\u00e9reo (ALTA), anunci\u00f3 el nombramiento de Herman Schumacher como el Co-Presidente del comit\u00e9 de seguridad y operaciones de vuelos. La designaci\u00f3n, la cual se realiz\u00f3 sobre la base de la destacada labor y trayectoria [&hellip;]<\/p>\n","protected":false},"author":6,"featured_media":2818,"comment_status":"open","ping_status":"open","sticky":false,"template":"","format":"standard","meta":{"om_disable_all_campaigns":false,"_monsterinsights_skip_tracking":false,"_monsterinsights_sitenote_active":false,"_monsterinsights_sitenote_note":"","_monsterinsights_sitenote_category":0,"footnotes":""},"categories":[1],"tags":[288],"class_list":{"0":"post-3523","1":"post","2":"type-post","3":"status-publish","4":"format-standard","5":"has-post-thumbnail","7":"category-nacionales","8":"tag-arajet-com"},"aioseo_notices":[],"_links":{"self":[{"href":"https:\/\/periodicolarepublica.com\/index.php\/wp-json\/wp\/v2\/posts\/3523","targetHints":{"allow":["GET"]}}],"collection":[{"href":"https:\/\/periodicolarepublica.com\/index.php\/wp-json\/wp\/v2\/posts"}],"about":[{"href":"https:\/\/periodicolarepublica.com\/index.php\/wp-json\/wp\/v2\/types\/post"}],"author":[{"embeddable":true,"href":"https:\/\/periodicolarepublica.com\/index.php\/wp-json\/wp\/v2\/users\/6"}],"replies":[{"embeddable":true,"href":"https:\/\/periodicolarepublica.com\/index.php\/wp-json\/wp\/v2\/comments?post=3523"}],"version-history":[{"count":1,"href":"https:\/\/periodicolarepublica.com\/index.php\/wp-json\/wp\/v2\/posts\/3523\/revisions"}],"predecessor-version":[{"id":3524,"href":"https:\/\/periodicolarepublica.com\/index.php\/wp-json\/wp\/v2\/posts\/3523\/revisions\/3524"}],"wp:featuredmedia":[{"embeddable":true,"href":"https:\/\/periodicolarepublica.com\/index.php\/wp-json\/wp\/v2\/media\/2818"}],"wp:attachment":[{"href":"https:\/\/periodicolarepublica.com\/index.php\/wp-json\/wp\/v2\/media?parent=3523"}],"wp:term":[{"taxonomy":"category","embeddable":true,"href":"https:\/\/periodicolarepublica.com\/index.php\/wp-json\/wp\/v2\/categories?post=3523"},{"taxonomy":"post_tag","embeddable":true,"href":"https:\/\/periodicolarepublica.com\/index.php\/wp-json\/wp\/v2\/tags?post=3523"}],"curies":[{"name":"wp","href":"https:\/\/api.w.org\/{rel}","templated":true}]}}