{"id":3530,"date":"2025-07-01T02:59:10","date_gmt":"2025-07-01T00:59:10","guid":{"rendered":"https:\/\/periodicolarepublica.com\/?p=3530"},"modified":"2025-07-01T02:59:10","modified_gmt":"2025-07-01T00:59:10","slug":"tomas-hernandez-alberto-llama-a-la-oposicion-a-dejar-la-manipulacion-sobre-el-seguro-familiar-de-salud","status":"publish","type":"post","link":"https:\/\/periodicolarepublica.com\/index.php\/2025\/07\/01\/tomas-hernandez-alberto-llama-a-la-oposicion-a-dejar-la-manipulacion-sobre-el-seguro-familiar-de-salud\/","title":{"rendered":"Tom\u00e1s Hern\u00e1ndez Alberto, llama a la oposici\u00f3n a dejar la manipulaci\u00f3n sobre el Seguro Familiar de Salud"},"content":{"rendered":"\r\n<p>Santo Domingo, R.D. \u2013 El ingeniero Tom\u00e1s Hern\u00e1ndez Alberto, presidente del Movimiento Poder P\u2019AL Pueblo, sali\u00f3 al frente este lunes a las cr\u00edticas vertidas por sectores de la oposici\u00f3n respecto al manejo del Seguro Familiar de Salud (SFS), se\u00f1alando que las afirmaciones recientes buscan confundir a la poblaci\u00f3n con informaciones falsas.<br \/><br \/>Durante su participaci\u00f3n en una entrevista, Hern\u00e1ndez Alberto fue abordado insistentemente por miembros de la prensa sobre la situaci\u00f3n actual del seguro. En respuesta, fue enf\u00e1tico al recordar que el presidente Luis Abinader ha sido transparente y directo sobre el tema, especialmente en su reciente intervenci\u00f3n en \u00abLa Semanal con la Prensa\u00bb, donde dej\u00f3 claro que no existe ni existir\u00e1 una crisis en el sistema de salud p\u00fablica.<br \/><br \/>\u201cEl presidente Abinader habl\u00f3 con claridad. No hay ning\u00fan plan para afectar a los m\u00e1s de 2 millones 400 mil dominicanos que hoy disfrutan de un seguro digno, gracias al compromiso de este gobierno con la salud del pueblo\u201d, afirm\u00f3 Hern\u00e1ndez Alberto.<br \/><br \/>El dirigente pol\u00edtico arremeti\u00f3 contra los partidos de oposici\u00f3n, acus\u00e1ndolos de recurrir a la desinformaci\u00f3n como herramienta pol\u00edtica. \u201cLlamamos a la oposici\u00f3n a dejar de hablar mentiras. Este pueblo ya los conoce. Tuvieron 20 a\u00f1os para fortalecer el sistema de salud y no lo hicieron. Solo pensaron en hacer buenos negocios para unos pocos\u201d, expres\u00f3.<br \/><br \/>Hern\u00e1ndez Alberto destac\u00f3 que en los gobiernos anteriores nunca se prioriz\u00f3 la expansi\u00f3n real del seguro familiar, dejando a millones de dominicanos sin acceso a servicios b\u00e1sicos de salud. \u201cHablan ahora como si les doliera la gente, pero cuando tuvieron la oportunidad no movieron un dedo por los m\u00e1s necesitados\u201d, sostuvo.<br \/><br \/>El presidente del Movimiento Poder P\u2019AL Pueblo reiter\u00f3 que la expansi\u00f3n del seguro ha sido una de las grandes conquistas sociales de la actual administraci\u00f3n, y que cualquier intento de sabotaje pol\u00edtico a este avance ser\u00e1 rechazado por el pueblo dominicano.<br \/><br \/>\u201cLuis Abinader lleg\u00f3 a gobernar para servir, no para servirse. Y por eso ha hecho lo que ellos nunca quisieron: incluir al pueblo. Que les moleste es entendible, pero que pretendan enga\u00f1ar es inaceptable\u201d, puntualiz\u00f3.<br \/><br \/>Finalmente, Tom\u00e1s Hern\u00e1ndez Alberto llam\u00f3 a los ciudadanos a no dejarse confundir. \u201cEl seguro del pueblo est\u00e1 garantizado. Este gobierno trabaja para la gente, no para intereses personales. Y vamos a seguir defendiendo cada logro alcanzado\u201d, concluy\u00f3.<img loading=\"lazy\" decoding=\"async\" class=\"size-medium wp-image-1231 alignright\" src=\"https:\/\/periodicolarepublica.com\/wp-content\/uploads\/2024\/07\/IMG_20240716_081816-300x169.jpg\" alt=\"\" width=\"300\" height=\"169\" srcset=\"https:\/\/periodicolarepublica.com\/wp-content\/uploads\/2024\/07\/IMG_20240716_081816-300x169.jpg?v=1721132460 300w, https:\/\/periodicolarepublica.com\/wp-content\/uploads\/2024\/07\/IMG_20240716_081816-1024x576.jpg?v=1721132460 1024w, https:\/\/periodicolarepublica.com\/wp-content\/uploads\/2024\/07\/IMG_20240716_081816-768x432.jpg?v=1721132460 768w, https:\/\/periodicolarepublica.com\/wp-content\/uploads\/2024\/07\/IMG_20240716_081816-1536x864.jpg?v=1721132460 1536w, https:\/\/periodicolarepublica.com\/wp-content\/uploads\/2024\/07\/IMG_20240716_081816-150x84.jpg?v=1721132460 150w, https:\/\/periodicolarepublica.com\/wp-content\/uploads\/2024\/07\/IMG_20240716_081816-600x338.jpg?v=1721132460 600w, https:\/\/periodicolarepublica.com\/wp-content\/uploads\/2024\/07\/IMG_20240716_081816-696x392.jpg?v=1721132460 696w, https:\/\/periodicolarepublica.com\/wp-content\/uploads\/2024\/07\/IMG_20240716_081816-1392x783.jpg?v=1721132460 1392w, https:\/\/periodicolarepublica.com\/wp-content\/uploads\/2024\/07\/IMG_20240716_081816-1068x601.jpg?v=1721132460 1068w, https:\/\/periodicolarepublica.com\/wp-content\/uploads\/2024\/07\/IMG_20240716_081816.jpg?v=1721132460 1920w\" sizes=\"auto, (max-width: 300px) 100vw, 300px\" \/><\/p>\r\n","protected":false},"excerpt":{"rendered":"<p>Santo Domingo, R.D. \u2013 El ingeniero Tom\u00e1s Hern\u00e1ndez Alberto, presidente del Movimiento Poder P\u2019AL Pueblo, sali\u00f3 al frente este lunes a las cr\u00edticas vertidas por sectores de la oposici\u00f3n respecto al manejo del Seguro Familiar de Salud (SFS), se\u00f1alando que las afirmaciones recientes buscan confundir a la poblaci\u00f3n con informaciones falsas. Durante su participaci\u00f3n en [&hellip;]<\/p>\n","protected":false},"author":10,"featured_media":1231,"comment_status":"open","ping_status":"open","sticky":false,"template":"","format":"standard","meta":{"om_disable_all_campaigns":false,"_monsterinsights_skip_tracking":false,"_monsterinsights_sitenote_active":false,"_monsterinsights_sitenote_note":"","_monsterinsights_sitenote_category":0,"footnotes":""},"categories":[1],"tags":[163],"class_list":{"0":"post-3530","1":"post","2":"type-post","3":"status-publish","4":"format-standard","5":"has-post-thumbnail","7":"category-nacionales","8":"tag-tomas-hernandez-alberto"},"aioseo_notices":[],"_links":{"self":[{"href":"https:\/\/periodicolarepublica.com\/index.php\/wp-json\/wp\/v2\/posts\/3530","targetHints":{"allow":["GET"]}}],"collection":[{"href":"https:\/\/periodicolarepublica.com\/index.php\/wp-json\/wp\/v2\/posts"}],"about":[{"href":"https:\/\/periodicolarepublica.com\/index.php\/wp-json\/wp\/v2\/types\/post"}],"author":[{"embeddable":true,"href":"https:\/\/periodicolarepublica.com\/index.php\/wp-json\/wp\/v2\/users\/10"}],"replies":[{"embeddable":true,"href":"https:\/\/periodicolarepublica.com\/index.php\/wp-json\/wp\/v2\/comments?post=3530"}],"version-history":[{"count":2,"href":"https:\/\/periodicolarepublica.com\/index.php\/wp-json\/wp\/v2\/posts\/3530\/revisions"}],"predecessor-version":[{"id":3533,"href":"https:\/\/periodicolarepublica.com\/index.php\/wp-json\/wp\/v2\/posts\/3530\/revisions\/3533"}],"wp:featuredmedia":[{"embeddable":true,"href":"https:\/\/periodicolarepublica.com\/index.php\/wp-json\/wp\/v2\/media\/1231"}],"wp:attachment":[{"href":"https:\/\/periodicolarepublica.com\/index.php\/wp-json\/wp\/v2\/media?parent=3530"}],"wp:term":[{"taxonomy":"category","embeddable":true,"href":"https:\/\/periodicolarepublica.com\/index.php\/wp-json\/wp\/v2\/categories?post=3530"},{"taxonomy":"post_tag","embeddable":true,"href":"https:\/\/periodicolarepublica.com\/index.php\/wp-json\/wp\/v2\/tags?post=3530"}],"curies":[{"name":"wp","href":"https:\/\/api.w.org\/{rel}","templated":true}]}}