{"id":3536,"date":"2025-06-24T15:17:52","date_gmt":"2025-06-24T13:17:52","guid":{"rendered":"https:\/\/periodicolarepublica.com\/?p=3536"},"modified":"2025-07-02T15:21:37","modified_gmt":"2025-07-02T13:21:37","slug":"rdporloalto-en-octubre-2025-vence-plazo-elimina-foam-y-fundas-plasticas-segun-la-ley-225-20","status":"publish","type":"post","link":"https:\/\/periodicolarepublica.com\/index.php\/2025\/06\/24\/rdporloalto-en-octubre-2025-vence-plazo-elimina-foam-y-fundas-plasticas-segun-la-ley-225-20\/","title":{"rendered":"RDPorLoAlto: En octubre 2025 vence plazo elimina foam y fundas pl\u00e1sticas, seg\u00fan la Ley 225-20.\u00a0"},"content":{"rendered":"<p>Hernani Aquino, Director de la campa\u00f1a patri\u00f3tica RDPorLoAlto expres\u00f3 que en octubre de este 2025 marca un punto de no retorno para la gesti\u00f3n ambiental en la Rep\u00fablica Dominicana.<\/p>\n<p>Aquino expresa que muy pronto se cumplen los 60 meses desde la entrada en vigencia de la Ley General de Gesti\u00f3n Integral y Coprocesamiento de Residuos S\u00f3lidos (Ley 225-20), lo que significa el fin del uso del foam (poliestireno expandido) para alimentos y bebidas, as\u00ed como la *prohibici\u00f3n total de la entrega gratuita de fundas pl\u00e1sticas de un solo uso en establecimientos comerciales.<\/p>\n<p>El Art\u00edculo 172 de dicha ley estableci\u00f3 un calendario claro y obligatorio para la reducci\u00f3n progresiva de residuos altamente contaminantes.<\/p>\n<p>A partir de esta fecha, ning\u00fan comercio puede entregar fundas pl\u00e1sticas, y los envases de foam para alimentos deben salir del mercado.<\/p>\n<p>Se trata de una medida contundente que busca proteger la salud del pueblo dominicano y detener el impacto ambiental devastador de estos materiales no biodegradables.<\/p>\n<p>Desde 2020, los productores de foam, fundas y botellas pl\u00e1sticas est\u00e1n legalmente obligados a formar parte de programas de *responsabilidad extendida*, asumiendo el manejo seguro de los residuos que generan.<\/p>\n<p>A la vez, deben adaptar sus productos para que sean biodegradables u oxodegradables, tanto en la producci\u00f3n nacional como en las importaciones.<\/p>\n<p>El Ministerio de Medio Ambiente ha tenido el deber de realizar evaluaciones anuales para medir el avance en la reducci\u00f3n de estos residuos, y este a\u00f1o debe marcar el inicio de una etapa m\u00e1s firme en la fiscalizaci\u00f3n y sanci\u00f3n a quienes incumplan. Adem\u00e1s, los comercios debieron promover durante estos a\u00f1os el cambio a bolsas reutilizables o ecoeficientes, con campa\u00f1as de concienciaci\u00f3n ciudadana.<\/p>\n<p>El vencimiento de estos plazos no debe pasar inadvertido. La sociedad dominicana est\u00e1 llamada a exigir cumplimiento, a rechazar la complacencia y a poner por lo alto su derecho a un pa\u00eds limpio, sano y respetuoso de la naturaleza. \u00a1El futuro no se empaca en foam ni se carga en fundas pl\u00e1sticas!<\/p>\n<p><img loading=\"lazy\" decoding=\"async\" class=\"alignnone size-medium wp-image-3537\" src=\"https:\/\/periodicolarepublica.com\/wp-content\/uploads\/2025\/07\/IMG_20250702_091637-300x238.jpg\" alt=\"\" width=\"300\" height=\"238\" srcset=\"https:\/\/periodicolarepublica.com\/wp-content\/uploads\/2025\/07\/IMG_20250702_091637-300x238.jpg 300w, https:\/\/periodicolarepublica.com\/wp-content\/uploads\/2025\/07\/IMG_20250702_091637-150x119.jpg 150w, https:\/\/periodicolarepublica.com\/wp-content\/uploads\/2025\/07\/IMG_20250702_091637-600x475.jpg 600w, https:\/\/periodicolarepublica.com\/wp-content\/uploads\/2025\/07\/IMG_20250702_091637.jpg 649w\" sizes=\"auto, (max-width: 300px) 100vw, 300px\" \/><\/p>\n","protected":false},"excerpt":{"rendered":"<p>Hernani Aquino, Director de la campa\u00f1a patri\u00f3tica RDPorLoAlto expres\u00f3 que en octubre de este 2025 marca un punto de no retorno para la gesti\u00f3n ambiental en la Rep\u00fablica Dominicana. Aquino expresa que muy pronto se cumplen los 60 meses desde la entrada en vigencia de la Ley General de Gesti\u00f3n Integral y Coprocesamiento de Residuos [&hellip;]<\/p>\n","protected":false},"author":6,"featured_media":3537,"comment_status":"open","ping_status":"open","sticky":false,"template":"","format":"standard","meta":{"om_disable_all_campaigns":false,"_monsterinsights_skip_tracking":false,"_monsterinsights_sitenote_active":false,"_monsterinsights_sitenote_note":"","_monsterinsights_sitenote_category":0,"footnotes":""},"categories":[1],"tags":[405],"class_list":{"0":"post-3536","1":"post","2":"type-post","3":"status-publish","4":"format-standard","5":"has-post-thumbnail","7":"category-nacionales","8":"tag-rd-por-lo-alto"},"aioseo_notices":[],"_links":{"self":[{"href":"https:\/\/periodicolarepublica.com\/index.php\/wp-json\/wp\/v2\/posts\/3536","targetHints":{"allow":["GET"]}}],"collection":[{"href":"https:\/\/periodicolarepublica.com\/index.php\/wp-json\/wp\/v2\/posts"}],"about":[{"href":"https:\/\/periodicolarepublica.com\/index.php\/wp-json\/wp\/v2\/types\/post"}],"author":[{"embeddable":true,"href":"https:\/\/periodicolarepublica.com\/index.php\/wp-json\/wp\/v2\/users\/6"}],"replies":[{"embeddable":true,"href":"https:\/\/periodicolarepublica.com\/index.php\/wp-json\/wp\/v2\/comments?post=3536"}],"version-history":[{"count":1,"href":"https:\/\/periodicolarepublica.com\/index.php\/wp-json\/wp\/v2\/posts\/3536\/revisions"}],"predecessor-version":[{"id":3538,"href":"https:\/\/periodicolarepublica.com\/index.php\/wp-json\/wp\/v2\/posts\/3536\/revisions\/3538"}],"wp:featuredmedia":[{"embeddable":true,"href":"https:\/\/periodicolarepublica.com\/index.php\/wp-json\/wp\/v2\/media\/3537"}],"wp:attachment":[{"href":"https:\/\/periodicolarepublica.com\/index.php\/wp-json\/wp\/v2\/media?parent=3536"}],"wp:term":[{"taxonomy":"category","embeddable":true,"href":"https:\/\/periodicolarepublica.com\/index.php\/wp-json\/wp\/v2\/categories?post=3536"},{"taxonomy":"post_tag","embeddable":true,"href":"https:\/\/periodicolarepublica.com\/index.php\/wp-json\/wp\/v2\/tags?post=3536"}],"curies":[{"name":"wp","href":"https:\/\/api.w.org\/{rel}","templated":true}]}}