{"id":3539,"date":"2025-07-02T17:31:02","date_gmt":"2025-07-02T15:31:02","guid":{"rendered":"https:\/\/periodicolarepublica.com\/?p=3539"},"modified":"2025-07-02T18:18:49","modified_gmt":"2025-07-02T16:18:49","slug":"arajet-realiza-jornada-de-reforestacion-en-la-reserva-ecologica-ojos-indigenas","status":"publish","type":"post","link":"https:\/\/periodicolarepublica.com\/index.php\/2025\/07\/02\/arajet-realiza-jornada-de-reforestacion-en-la-reserva-ecologica-ojos-indigenas\/","title":{"rendered":"Arajet realiza jornada de reforestaci\u00f3n en la Reserva ecol\u00f3gica \u201cOjos Ind\u00edgenas\u201d"},"content":{"rendered":"<p>Reafirma su compromiso con el medio ambiente y la promoci\u00f3n de las \u00e1reas protegidas de Rep\u00fablica Dominicana<\/p>\n<p>Santo Domingo, Rep\u00fablica Dominicana. &#8211;<\/p>\n<p>La aerol\u00ednea dominicana Arajet reafirma su firme compromiso con la sostenibilidad ambiental y el fortalecimiento del turismo interno, a trav\u00e9s de una jornada de reforestaci\u00f3n desarrollada en la Reserva ecol\u00f3gica \u201cOjos Ind\u00edgenas\u201d en Punta Cana que integra la responsabilidad social y la promoci\u00f3n de los recursos naturales del pa\u00eds.<\/p>\n<p>El voluntariado fue recibido por Emy Miyazawa Coordinadora de Educaci\u00f3n Ambiental de la Fundaci\u00f3n Ecol\u00f3gica del Grupo Puntacana qui\u00e9n recibi\u00f3 y acompa\u00f1\u00f3 junto a un equipo al voluntariado de Arajet en la jornada de la siembra de manglares en la playa.<\/p>\n<p>\u201cLa protecci\u00f3n y conservaci\u00f3n del medio ambiente est\u00e1 en nuestro ADN desde el inicio. Nuestra tercera aeronave lleva por nombre \u2018Ojos Ind\u00edgenas\u2019 y estamos felices de reforestar en esta \u00e1rea\u201d, afirm\u00f3 Lajara.<\/p>\n<p>Arajet indic\u00f3 que, el voluntariado integrado por sus colaboradores, recibieron previamente una inducci\u00f3n de parte de Educaci\u00f3n Ambiental Marino \u2013 Costero de la Fundaci\u00f3n Ecol\u00f3gica del grupo Puntacana quienes explicaron la importancia de los manglares para el cuidado y preservaci\u00f3n del medio ambiente.<\/p>\n<figure id=\"attachment_3540\" aria-describedby=\"caption-attachment-3540\" style=\"width: 300px\" class=\"wp-caption alignnone\"><img loading=\"lazy\" decoding=\"async\" class=\"size-medium wp-image-3540\" src=\"https:\/\/periodicolarepublica.com\/wp-content\/uploads\/2025\/07\/IMG_20250702_112758-300x242.jpg\" alt=\"\" width=\"300\" height=\"242\" srcset=\"https:\/\/periodicolarepublica.com\/wp-content\/uploads\/2025\/07\/IMG_20250702_112758-300x242.jpg 300w, https:\/\/periodicolarepublica.com\/wp-content\/uploads\/2025\/07\/IMG_20250702_112758-150x121.jpg 150w, https:\/\/periodicolarepublica.com\/wp-content\/uploads\/2025\/07\/IMG_20250702_112758.jpg 320w\" sizes=\"auto, (max-width: 300px) 100vw, 300px\" \/><figcaption id=\"caption-attachment-3540\" class=\"wp-caption-text\">Aviones de Arajet<\/figcaption><\/figure>\n<p>&nbsp;<\/p>\n","protected":false},"excerpt":{"rendered":"<p>Reafirma su compromiso con el medio ambiente y la promoci\u00f3n de las \u00e1reas protegidas de Rep\u00fablica Dominicana Santo Domingo, Rep\u00fablica Dominicana. &#8211; La aerol\u00ednea dominicana Arajet reafirma su firme compromiso con la sostenibilidad ambiental y el fortalecimiento del turismo interno, a trav\u00e9s de una jornada de reforestaci\u00f3n desarrollada en la Reserva ecol\u00f3gica \u201cOjos Ind\u00edgenas\u201d en [&hellip;]<\/p>\n","protected":false},"author":6,"featured_media":3540,"comment_status":"open","ping_status":"open","sticky":false,"template":"","format":"standard","meta":{"om_disable_all_campaigns":false,"_monsterinsights_skip_tracking":false,"_monsterinsights_sitenote_active":false,"_monsterinsights_sitenote_note":"","_monsterinsights_sitenote_category":0,"footnotes":""},"categories":[1,20],"tags":[288,106,406,29],"class_list":{"0":"post-3539","1":"post","2":"type-post","3":"status-publish","4":"format-standard","5":"has-post-thumbnail","7":"category-nacionales","8":"category-turismo","9":"tag-arajet-com","10":"tag-boletos-aereos","11":"tag-ojos-indigenas","12":"tag-punta-cana"},"aioseo_notices":[],"_links":{"self":[{"href":"https:\/\/periodicolarepublica.com\/index.php\/wp-json\/wp\/v2\/posts\/3539","targetHints":{"allow":["GET"]}}],"collection":[{"href":"https:\/\/periodicolarepublica.com\/index.php\/wp-json\/wp\/v2\/posts"}],"about":[{"href":"https:\/\/periodicolarepublica.com\/index.php\/wp-json\/wp\/v2\/types\/post"}],"author":[{"embeddable":true,"href":"https:\/\/periodicolarepublica.com\/index.php\/wp-json\/wp\/v2\/users\/6"}],"replies":[{"embeddable":true,"href":"https:\/\/periodicolarepublica.com\/index.php\/wp-json\/wp\/v2\/comments?post=3539"}],"version-history":[{"count":3,"href":"https:\/\/periodicolarepublica.com\/index.php\/wp-json\/wp\/v2\/posts\/3539\/revisions"}],"predecessor-version":[{"id":3543,"href":"https:\/\/periodicolarepublica.com\/index.php\/wp-json\/wp\/v2\/posts\/3539\/revisions\/3543"}],"wp:featuredmedia":[{"embeddable":true,"href":"https:\/\/periodicolarepublica.com\/index.php\/wp-json\/wp\/v2\/media\/3540"}],"wp:attachment":[{"href":"https:\/\/periodicolarepublica.com\/index.php\/wp-json\/wp\/v2\/media?parent=3539"}],"wp:term":[{"taxonomy":"category","embeddable":true,"href":"https:\/\/periodicolarepublica.com\/index.php\/wp-json\/wp\/v2\/categories?post=3539"},{"taxonomy":"post_tag","embeddable":true,"href":"https:\/\/periodicolarepublica.com\/index.php\/wp-json\/wp\/v2\/tags?post=3539"}],"curies":[{"name":"wp","href":"https:\/\/api.w.org\/{rel}","templated":true}]}}