{"id":3544,"date":"2025-07-03T06:47:24","date_gmt":"2025-07-03T04:47:24","guid":{"rendered":"https:\/\/periodicolarepublica.com\/?p=3544"},"modified":"2025-07-03T06:47:24","modified_gmt":"2025-07-03T04:47:24","slug":"abogado-babado-torres-decide-apoyar-a-carolina-mejia","status":"publish","type":"post","link":"https:\/\/periodicolarepublica.com\/index.php\/2025\/07\/03\/abogado-babado-torres-decide-apoyar-a-carolina-mejia\/","title":{"rendered":"Abogado Babado Torres decide apoyar a Carolina Mej\u00eda"},"content":{"rendered":"<p>A MIS AMIGOS<\/p>\n<p>He tomado la decisi\u00f3n pol\u00edtica, de apoyar la candidatura a la presidencia de la Rep\u00fablica de la Licda. Carolina Mej\u00eda, convencido que con ella el pa\u00eds lograr\u00e1 grandes beneficios institucionales de progreso,beneficiando a toda la sociedad.<\/p>\n<p>Con ella, lograremos avanzar en salud, educaci\u00f3n, viviendas y empleos.<\/p>\n<p>Te invito a que me acompa\u00f1es en este proyecto triunfal sabiendo, porque me conoces, que llegaremos juntos.<\/p>\n<p>Si deseas acompa\u00f1arme, escr\u00edbeme, comun\u00edcate conmigo, no importa de qu\u00e9 parte del pa\u00eds o del exterior seas.<\/p>\n<p>Con Carolina, ganamos y gobernamos.<\/p>\n<p>Cuento contigo.<\/p>\n<p>Abrazos.<\/p>\n<p style=\"text-align: left;\">Diego Babado Torres<img loading=\"lazy\" decoding=\"async\" class=\"alignnone size-medium wp-image-3545\" src=\"https:\/\/periodicolarepublica.com\/wp-content\/uploads\/2025\/07\/IMG_20250703_004404-300x229.jpg\" alt=\"\" width=\"300\" height=\"229\" srcset=\"https:\/\/periodicolarepublica.com\/wp-content\/uploads\/2025\/07\/IMG_20250703_004404-300x229.jpg 300w, https:\/\/periodicolarepublica.com\/wp-content\/uploads\/2025\/07\/IMG_20250703_004404-150x115.jpg 150w, https:\/\/periodicolarepublica.com\/wp-content\/uploads\/2025\/07\/IMG_20250703_004404.jpg 378w\" sizes=\"auto, (max-width: 300px) 100vw, 300px\" \/><\/p>\n","protected":false},"excerpt":{"rendered":"<p>A MIS AMIGOS He tomado la decisi\u00f3n pol\u00edtica, de apoyar la candidatura a la presidencia de la Rep\u00fablica de la Licda. Carolina Mej\u00eda, convencido que con ella el pa\u00eds lograr\u00e1 grandes beneficios institucionales de progreso,beneficiando a toda la sociedad. Con ella, lograremos avanzar en salud, educaci\u00f3n, viviendas y empleos. Te invito a que me acompa\u00f1es [&hellip;]<\/p>\n","protected":false},"author":6,"featured_media":3545,"comment_status":"open","ping_status":"open","sticky":false,"template":"","format":"standard","meta":{"om_disable_all_campaigns":false,"_monsterinsights_skip_tracking":false,"_monsterinsights_sitenote_active":false,"_monsterinsights_sitenote_note":"","_monsterinsights_sitenote_category":0,"footnotes":""},"categories":[1],"tags":[407],"class_list":{"0":"post-3544","1":"post","2":"type-post","3":"status-publish","4":"format-standard","5":"has-post-thumbnail","7":"category-nacionales","8":"tag-babado-torres"},"aioseo_notices":[],"_links":{"self":[{"href":"https:\/\/periodicolarepublica.com\/index.php\/wp-json\/wp\/v2\/posts\/3544","targetHints":{"allow":["GET"]}}],"collection":[{"href":"https:\/\/periodicolarepublica.com\/index.php\/wp-json\/wp\/v2\/posts"}],"about":[{"href":"https:\/\/periodicolarepublica.com\/index.php\/wp-json\/wp\/v2\/types\/post"}],"author":[{"embeddable":true,"href":"https:\/\/periodicolarepublica.com\/index.php\/wp-json\/wp\/v2\/users\/6"}],"replies":[{"embeddable":true,"href":"https:\/\/periodicolarepublica.com\/index.php\/wp-json\/wp\/v2\/comments?post=3544"}],"version-history":[{"count":1,"href":"https:\/\/periodicolarepublica.com\/index.php\/wp-json\/wp\/v2\/posts\/3544\/revisions"}],"predecessor-version":[{"id":3546,"href":"https:\/\/periodicolarepublica.com\/index.php\/wp-json\/wp\/v2\/posts\/3544\/revisions\/3546"}],"wp:featuredmedia":[{"embeddable":true,"href":"https:\/\/periodicolarepublica.com\/index.php\/wp-json\/wp\/v2\/media\/3545"}],"wp:attachment":[{"href":"https:\/\/periodicolarepublica.com\/index.php\/wp-json\/wp\/v2\/media?parent=3544"}],"wp:term":[{"taxonomy":"category","embeddable":true,"href":"https:\/\/periodicolarepublica.com\/index.php\/wp-json\/wp\/v2\/categories?post=3544"},{"taxonomy":"post_tag","embeddable":true,"href":"https:\/\/periodicolarepublica.com\/index.php\/wp-json\/wp\/v2\/tags?post=3544"}],"curies":[{"name":"wp","href":"https:\/\/api.w.org\/{rel}","templated":true}]}}