{"id":3547,"date":"2025-07-03T18:54:20","date_gmt":"2025-07-03T16:54:20","guid":{"rendered":"https:\/\/periodicolarepublica.com\/?p=3547"},"modified":"2025-07-03T18:54:20","modified_gmt":"2025-07-03T16:54:20","slug":"construccion-de-parques-y-bulevar-en-villa-azucarera-avanza-a-ritmo-acelerado","status":"publish","type":"post","link":"https:\/\/periodicolarepublica.com\/index.php\/2025\/07\/03\/construccion-de-parques-y-bulevar-en-villa-azucarera-avanza-a-ritmo-acelerado\/","title":{"rendered":"Construcci\u00f3n de parques y bulevar en Villa Azucarera avanza a ritmo acelerado"},"content":{"rendered":"<p>La Alcald\u00eda de San Pedro de Macor\u00eds inici\u00f3 la construcci\u00f3n de varias obras recreativas en el sector *Villa Azucarera,* que beneficiar\u00e1n directamente a cientos de familias de la comunidad.<\/p>\n<p>\ud83d\udccc Seg\u00fan informaron los ingenieros a cargo, actualmente se desarrollan los trabajos de:<\/p>\n<p>\u2022 Un *parque infantil*<\/p>\n<p>\u2022 Una *media cancha*<\/p>\n<p>\u2022 Un *parque de recreaci\u00f3n para adultos*<\/p>\n<p>\u2022 Y un *bulevar,* que aportar\u00e1 al embellecimiento del entorno.<\/p>\n<p>Los responsables del proyecto se comprometieron a entregar las obras en *un plazo de cuatro semanas,* gracias al despliegue de equipos y brigadas que trabajan de manera acelerada.<\/p>\n<p>\ud83d\udc65 *El presidente de la junta de vecinos, Sr. Juan F\u00e9lix,* valor\u00f3 la importancia de estas obras y destac\u00f3 que la comunidad llevaba *13 a\u00f1os* luchando para rescatar y aprovechar esa \u00e1rea verde.<\/p>\n<p>\ud83d\udde3\ufe0f Por su parte, *el alcalde Raymundo Ortiz* se\u00f1al\u00f3 que estos espacios recreativos forman parte del compromiso asumido por la alcald\u00eda con los moradores de *Villa Azucarera:*<\/p>\n<p>&nbsp;<\/p>\n<p>*\u201cQueremos que las familias tengan un lugar digno para compartir, donde puedan recrearse de manera sana y segura junto a sus hijos\u201d,* expres\u00f3.<\/p>\n<p>\ud83d\udd16 *#Alcald\u00edaSPM* *#VillaAzucarera* *#ObrasParaLaGente*<\/p>\n<p>\ud83d\udccc *@rafaortidiaz*<\/p>\n<p><img loading=\"lazy\" decoding=\"async\" class=\"alignnone size-full wp-image-3548\" src=\"https:\/\/periodicolarepublica.com\/wp-content\/uploads\/2025\/07\/IMG_20250703_125334.png\" alt=\"\" width=\"193\" height=\"139\" srcset=\"https:\/\/periodicolarepublica.com\/wp-content\/uploads\/2025\/07\/IMG_20250703_125334.png 193w, https:\/\/periodicolarepublica.com\/wp-content\/uploads\/2025\/07\/IMG_20250703_125334-150x108.png 150w\" sizes=\"auto, (max-width: 193px) 100vw, 193px\" \/><\/p>\n","protected":false},"excerpt":{"rendered":"<p>La Alcald\u00eda de San Pedro de Macor\u00eds inici\u00f3 la construcci\u00f3n de varias obras recreativas en el sector *Villa Azucarera,* que beneficiar\u00e1n directamente a cientos de familias de la comunidad. \ud83d\udccc Seg\u00fan informaron los ingenieros a cargo, actualmente se desarrollan los trabajos de: \u2022 Un *parque infantil* \u2022 Una *media cancha* \u2022 Un *parque de recreaci\u00f3n [&hellip;]<\/p>\n","protected":false},"author":6,"featured_media":3548,"comment_status":"open","ping_status":"open","sticky":false,"template":"","format":"standard","meta":{"om_disable_all_campaigns":false,"_monsterinsights_skip_tracking":false,"_monsterinsights_sitenote_active":false,"_monsterinsights_sitenote_note":"","_monsterinsights_sitenote_category":0,"footnotes":""},"categories":[1],"tags":[],"class_list":{"0":"post-3547","1":"post","2":"type-post","3":"status-publish","4":"format-standard","5":"has-post-thumbnail","7":"category-nacionales"},"aioseo_notices":[],"_links":{"self":[{"href":"https:\/\/periodicolarepublica.com\/index.php\/wp-json\/wp\/v2\/posts\/3547","targetHints":{"allow":["GET"]}}],"collection":[{"href":"https:\/\/periodicolarepublica.com\/index.php\/wp-json\/wp\/v2\/posts"}],"about":[{"href":"https:\/\/periodicolarepublica.com\/index.php\/wp-json\/wp\/v2\/types\/post"}],"author":[{"embeddable":true,"href":"https:\/\/periodicolarepublica.com\/index.php\/wp-json\/wp\/v2\/users\/6"}],"replies":[{"embeddable":true,"href":"https:\/\/periodicolarepublica.com\/index.php\/wp-json\/wp\/v2\/comments?post=3547"}],"version-history":[{"count":1,"href":"https:\/\/periodicolarepublica.com\/index.php\/wp-json\/wp\/v2\/posts\/3547\/revisions"}],"predecessor-version":[{"id":3549,"href":"https:\/\/periodicolarepublica.com\/index.php\/wp-json\/wp\/v2\/posts\/3547\/revisions\/3549"}],"wp:featuredmedia":[{"embeddable":true,"href":"https:\/\/periodicolarepublica.com\/index.php\/wp-json\/wp\/v2\/media\/3548"}],"wp:attachment":[{"href":"https:\/\/periodicolarepublica.com\/index.php\/wp-json\/wp\/v2\/media?parent=3547"}],"wp:term":[{"taxonomy":"category","embeddable":true,"href":"https:\/\/periodicolarepublica.com\/index.php\/wp-json\/wp\/v2\/categories?post=3547"},{"taxonomy":"post_tag","embeddable":true,"href":"https:\/\/periodicolarepublica.com\/index.php\/wp-json\/wp\/v2\/tags?post=3547"}],"curies":[{"name":"wp","href":"https:\/\/api.w.org\/{rel}","templated":true}]}}