{"id":355,"date":"2024-02-01T23:12:53","date_gmt":"2024-02-01T22:12:53","guid":{"rendered":"https:\/\/periodicolarepublica.com\/?p=355"},"modified":"2024-02-01T23:12:53","modified_gmt":"2024-02-01T22:12:53","slug":"fitur-con-nuevos-proyectos-para-dominicana","status":"publish","type":"post","link":"https:\/\/periodicolarepublica.com\/index.php\/2024\/02\/01\/fitur-con-nuevos-proyectos-para-dominicana\/","title":{"rendered":"FITUR, con nuevos proyectos para Dominicana\u00a0"},"content":{"rendered":"<p><img loading=\"lazy\" decoding=\"async\" class=\"alignnone size-medium wp-image-356\" src=\"https:\/\/periodicolarepublica.com\/wp-content\/uploads\/2024\/02\/Encuentro-Fitur-300x200.jpg\" alt=\"\" width=\"300\" height=\"200\" srcset=\"https:\/\/periodicolarepublica.com\/wp-content\/uploads\/2024\/02\/Encuentro-Fitur-300x200.jpg?v=1715379821 300w, https:\/\/periodicolarepublica.com\/wp-content\/uploads\/2024\/02\/Encuentro-Fitur-1024x683.jpg?v=1715379821 1024w, https:\/\/periodicolarepublica.com\/wp-content\/uploads\/2024\/02\/Encuentro-Fitur-768x512.jpg?v=1715379821 768w, https:\/\/periodicolarepublica.com\/wp-content\/uploads\/2024\/02\/Encuentro-Fitur-1536x1024.jpg?v=1715379821 1536w, https:\/\/periodicolarepublica.com\/wp-content\/uploads\/2024\/02\/Encuentro-Fitur-2048x1366.jpg?v=1715379821 2048w, https:\/\/periodicolarepublica.com\/wp-content\/uploads\/2024\/02\/Encuentro-Fitur-150x100.jpg?v=1715379821 150w, https:\/\/periodicolarepublica.com\/wp-content\/uploads\/2024\/02\/Encuentro-Fitur-600x400.jpg?v=1715379821 600w, https:\/\/periodicolarepublica.com\/wp-content\/uploads\/2024\/02\/Encuentro-Fitur-696x464.jpg?v=1715379821 696w, https:\/\/periodicolarepublica.com\/wp-content\/uploads\/2024\/02\/Encuentro-Fitur-1392x928.jpg?v=1715379821 1392w, https:\/\/periodicolarepublica.com\/wp-content\/uploads\/2024\/02\/Encuentro-Fitur-1068x712.jpg?v=1715379821 1068w, https:\/\/periodicolarepublica.com\/wp-content\/uploads\/2024\/02\/Encuentro-Fitur-1920x1280.jpg?v=1715379821 1920w\" sizes=\"auto, (max-width: 300px) 100vw, 300px\" \/><\/p>\n<p>El ministro de Turismo, David Collado, inform\u00f3 que la participaci\u00f3n de Rep\u00fablica Dominicana en FITUR 2024 cerr\u00f3 con 19 nuevos proyectos tur\u00edsticos que tendr\u00e1n una inversi\u00f3n nueva de casi 3,500 millones de d\u00f3lares, que aportar\u00e1n m\u00e1s de 9 mil nuevas habitaciones hoteleras en diferentes polos del pa\u00eds.<\/p>\n","protected":false},"excerpt":{"rendered":"<p>El ministro de Turismo, David Collado, inform\u00f3 que la participaci\u00f3n de Rep\u00fablica Dominicana en FITUR 2024 cerr\u00f3 con 19 nuevos proyectos tur\u00edsticos que tendr\u00e1n una inversi\u00f3n nueva de casi 3,500 millones de d\u00f3lares, que aportar\u00e1n m\u00e1s de 9 mil nuevas habitaciones hoteleras en diferentes polos del pa\u00eds.<\/p>\n","protected":false},"author":1,"featured_media":356,"comment_status":"open","ping_status":"open","sticky":false,"template":"","format":"standard","meta":{"om_disable_all_campaigns":false,"_monsterinsights_skip_tracking":false,"_monsterinsights_sitenote_active":false,"_monsterinsights_sitenote_note":"","_monsterinsights_sitenote_category":0,"footnotes":""},"categories":[1],"tags":[30,77,95,22],"class_list":{"0":"post-355","1":"post","2":"type-post","3":"status-publish","4":"format-standard","5":"has-post-thumbnail","7":"category-nacionales","8":"tag-david-collado","9":"tag-fitur","10":"tag-hoteles","11":"tag-turismo"},"aioseo_notices":[],"_links":{"self":[{"href":"https:\/\/periodicolarepublica.com\/index.php\/wp-json\/wp\/v2\/posts\/355","targetHints":{"allow":["GET"]}}],"collection":[{"href":"https:\/\/periodicolarepublica.com\/index.php\/wp-json\/wp\/v2\/posts"}],"about":[{"href":"https:\/\/periodicolarepublica.com\/index.php\/wp-json\/wp\/v2\/types\/post"}],"author":[{"embeddable":true,"href":"https:\/\/periodicolarepublica.com\/index.php\/wp-json\/wp\/v2\/users\/1"}],"replies":[{"embeddable":true,"href":"https:\/\/periodicolarepublica.com\/index.php\/wp-json\/wp\/v2\/comments?post=355"}],"version-history":[{"count":2,"href":"https:\/\/periodicolarepublica.com\/index.php\/wp-json\/wp\/v2\/posts\/355\/revisions"}],"predecessor-version":[{"id":358,"href":"https:\/\/periodicolarepublica.com\/index.php\/wp-json\/wp\/v2\/posts\/355\/revisions\/358"}],"wp:featuredmedia":[{"embeddable":true,"href":"https:\/\/periodicolarepublica.com\/index.php\/wp-json\/wp\/v2\/media\/356"}],"wp:attachment":[{"href":"https:\/\/periodicolarepublica.com\/index.php\/wp-json\/wp\/v2\/media?parent=355"}],"wp:term":[{"taxonomy":"category","embeddable":true,"href":"https:\/\/periodicolarepublica.com\/index.php\/wp-json\/wp\/v2\/categories?post=355"},{"taxonomy":"post_tag","embeddable":true,"href":"https:\/\/periodicolarepublica.com\/index.php\/wp-json\/wp\/v2\/tags?post=355"}],"curies":[{"name":"wp","href":"https:\/\/api.w.org\/{rel}","templated":true}]}}