{"id":3550,"date":"2025-07-03T18:57:50","date_gmt":"2025-07-03T16:57:50","guid":{"rendered":"https:\/\/periodicolarepublica.com\/?p=3550"},"modified":"2025-07-03T18:57:50","modified_gmt":"2025-07-03T16:57:50","slug":"luis-abinader-es-recibido-por-el-expresidente-leonel-fernandez-en-funglode","status":"publish","type":"post","link":"https:\/\/periodicolarepublica.com\/index.php\/2025\/07\/03\/luis-abinader-es-recibido-por-el-expresidente-leonel-fernandez-en-funglode\/","title":{"rendered":"Luis Abinader es recibido por el expresidente Leonel Fern\u00e1ndez en Funglode"},"content":{"rendered":"<p>El presidente de la Rep\u00fablica, Luis Abinader es recibido por el expresidente Leonel Fern\u00e1ndez en la Fundaci\u00f3n Global Democracia y Desarrollo (FUNGLODE), En estos momentos se encuentran reunidos para abordar el tema de la crisis haitiana y sus implicaciones para la Rep\u00fablica Dominicana.<\/p>\n<p><img loading=\"lazy\" decoding=\"async\" class=\"alignnone size-medium wp-image-3551\" src=\"https:\/\/periodicolarepublica.com\/wp-content\/uploads\/2025\/07\/IMG-20250703-WA0027-e1751561801603-300x221.jpg\" alt=\"\" width=\"300\" height=\"221\" srcset=\"https:\/\/periodicolarepublica.com\/wp-content\/uploads\/2025\/07\/IMG-20250703-WA0027-e1751561801603-300x221.jpg 300w, https:\/\/periodicolarepublica.com\/wp-content\/uploads\/2025\/07\/IMG-20250703-WA0027-e1751561801603-150x111.jpg 150w, https:\/\/periodicolarepublica.com\/wp-content\/uploads\/2025\/07\/IMG-20250703-WA0027-e1751561801603-600x442.jpg 600w, https:\/\/periodicolarepublica.com\/wp-content\/uploads\/2025\/07\/IMG-20250703-WA0027-e1751561801603-696x513.jpg 696w, https:\/\/periodicolarepublica.com\/wp-content\/uploads\/2025\/07\/IMG-20250703-WA0027-e1751561801603.jpg 738w\" sizes=\"auto, (max-width: 300px) 100vw, 300px\" \/><\/p>\n","protected":false},"excerpt":{"rendered":"<p>El presidente de la Rep\u00fablica, Luis Abinader es recibido por el expresidente Leonel Fern\u00e1ndez en la Fundaci\u00f3n Global Democracia y Desarrollo (FUNGLODE), En estos momentos se encuentran reunidos para abordar el tema de la crisis haitiana y sus implicaciones para la Rep\u00fablica Dominicana.<\/p>\n","protected":false},"author":6,"featured_media":3551,"comment_status":"open","ping_status":"open","sticky":false,"template":"","format":"standard","meta":{"om_disable_all_campaigns":false,"_monsterinsights_skip_tracking":false,"_monsterinsights_sitenote_active":false,"_monsterinsights_sitenote_note":"","_monsterinsights_sitenote_category":0,"footnotes":""},"categories":[1],"tags":[13,408],"class_list":{"0":"post-3550","1":"post","2":"type-post","3":"status-publish","4":"format-standard","5":"has-post-thumbnail","7":"category-nacionales","8":"tag-funglode","9":"tag-luis-abinader-y-leonel"},"aioseo_notices":[],"_links":{"self":[{"href":"https:\/\/periodicolarepublica.com\/index.php\/wp-json\/wp\/v2\/posts\/3550","targetHints":{"allow":["GET"]}}],"collection":[{"href":"https:\/\/periodicolarepublica.com\/index.php\/wp-json\/wp\/v2\/posts"}],"about":[{"href":"https:\/\/periodicolarepublica.com\/index.php\/wp-json\/wp\/v2\/types\/post"}],"author":[{"embeddable":true,"href":"https:\/\/periodicolarepublica.com\/index.php\/wp-json\/wp\/v2\/users\/6"}],"replies":[{"embeddable":true,"href":"https:\/\/periodicolarepublica.com\/index.php\/wp-json\/wp\/v2\/comments?post=3550"}],"version-history":[{"count":1,"href":"https:\/\/periodicolarepublica.com\/index.php\/wp-json\/wp\/v2\/posts\/3550\/revisions"}],"predecessor-version":[{"id":3552,"href":"https:\/\/periodicolarepublica.com\/index.php\/wp-json\/wp\/v2\/posts\/3550\/revisions\/3552"}],"wp:featuredmedia":[{"embeddable":true,"href":"https:\/\/periodicolarepublica.com\/index.php\/wp-json\/wp\/v2\/media\/3551"}],"wp:attachment":[{"href":"https:\/\/periodicolarepublica.com\/index.php\/wp-json\/wp\/v2\/media?parent=3550"}],"wp:term":[{"taxonomy":"category","embeddable":true,"href":"https:\/\/periodicolarepublica.com\/index.php\/wp-json\/wp\/v2\/categories?post=3550"},{"taxonomy":"post_tag","embeddable":true,"href":"https:\/\/periodicolarepublica.com\/index.php\/wp-json\/wp\/v2\/tags?post=3550"}],"curies":[{"name":"wp","href":"https:\/\/api.w.org\/{rel}","templated":true}]}}