{"id":3555,"date":"2025-07-04T00:12:10","date_gmt":"2025-07-03T22:12:10","guid":{"rendered":"https:\/\/periodicolarepublica.com\/?p=3555"},"modified":"2025-07-04T00:12:10","modified_gmt":"2025-07-03T22:12:10","slug":"tomas-hernandez-alberto-reitera-su-respaldo-al-presidente-abinader-y-aboga-por-la-mecanizacion-del-agro-en-santiago-rodriguez","status":"publish","type":"post","link":"https:\/\/periodicolarepublica.com\/index.php\/2025\/07\/04\/tomas-hernandez-alberto-reitera-su-respaldo-al-presidente-abinader-y-aboga-por-la-mecanizacion-del-agro-en-santiago-rodriguez\/","title":{"rendered":"Tom\u00e1s Hern\u00e1ndez Alberto reitera su respaldo al presidente Abinader y aboga por la mecanizaci\u00f3n del agro en Santiago Rodr\u00edguez"},"content":{"rendered":"<p>Santiago Rodr\u00edguez. \u2013 El ingeniero Tom\u00e1s Hern\u00e1ndez Alberto, presidente del Movimiento Poder P&#8217;AL Pueblo, estuvo de visita en la provincia de Santiago Rodr\u00edguez, donde particip\u00f3 como invitado en el programa \u00abCerrando La Noche \u00ab. Durante su intervenci\u00f3n, reafirm\u00f3 el compromiso firme de su movimiento con la gesti\u00f3n del presidente Luis Abinader, destacando que en este momento \u00abno es tiempo de hablar de campa\u00f1a, sino de continuar respaldando a un gran presidente que est\u00e1 trabajando d\u00eda a d\u00eda por su pueblo\u00bb.<\/p>\n<p>&nbsp;<\/p>\n<p>Hern\u00e1ndez Alberto se\u00f1al\u00f3 que su organizaci\u00f3n pol\u00edtica concentrar\u00e1 todos sus esfuerzos en acompa\u00f1ar las acciones del gobierno, priorizando el bienestar de los dominicanos y apoyando los planes de desarrollo impulsados por el presidente Abinader.<\/p>\n<p>&nbsp;<\/p>\n<p>En el \u00e1mbito agropecuario, resalt\u00f3 las fortalezas naturales de la provincia Santiago Rodr\u00edguez, describi\u00e9ndola como una tierra \u00abbendecida para la agricultura\u00bb, pero subray\u00f3 la necesidad de avanzar hacia un proceso de mecanizaci\u00f3n y modernizaci\u00f3n del campo. Afirm\u00f3 que el presidente Abinader est\u00e1 comprometido con ese objetivo, trabajando para que la Rep\u00fablica Dominicana logre mayores niveles de desarrollo en el sector agropecuario.<\/p>\n<p>&nbsp;<\/p>\n<p>\u201cContamos con un sector agr\u00edcola fuerte, pero debemos seguir avanzando para mejorar nuestras capacidades de exportaci\u00f3n, que nuestros productos lleguen a m\u00e1s mercados y que el mundo reconozca la calidad del campo dominicano, como desea nuestro presidente\u201d, expres\u00f3 el dirigente pol\u00edtico.<\/p>\n<p>&nbsp;<\/p>\n<p>Concluy\u00f3 reiterando que el verdadero enfoque nacional debe ser consolidar el progreso alcanzado bajo la actual administraci\u00f3n, dejando de lado agendas pol\u00edticas que puedan desviar la atenci\u00f3n del trabajo que todav\u00eda queda por hacer en beneficio del pa\u00eds.<img loading=\"lazy\" decoding=\"async\" class=\"size-medium wp-image-3212 alignright\" src=\"https:\/\/periodicolarepublica.com\/wp-content\/uploads\/2025\/05\/SaveClip.App_409022663_959576185777924_4056385895536019021_n-300x300.jpg\" alt=\"\" width=\"300\" height=\"300\" srcset=\"https:\/\/periodicolarepublica.com\/wp-content\/uploads\/2025\/05\/SaveClip.App_409022663_959576185777924_4056385895536019021_n-300x300.jpg?v=1746574792 300w, https:\/\/periodicolarepublica.com\/wp-content\/uploads\/2025\/05\/SaveClip.App_409022663_959576185777924_4056385895536019021_n-1024x1024.jpg?v=1746574792 1024w, https:\/\/periodicolarepublica.com\/wp-content\/uploads\/2025\/05\/SaveClip.App_409022663_959576185777924_4056385895536019021_n-150x150.jpg?v=1746574792 150w, https:\/\/periodicolarepublica.com\/wp-content\/uploads\/2025\/05\/SaveClip.App_409022663_959576185777924_4056385895536019021_n-768x768.jpg?v=1746574792 768w, https:\/\/periodicolarepublica.com\/wp-content\/uploads\/2025\/05\/SaveClip.App_409022663_959576185777924_4056385895536019021_n-600x600.jpg?v=1746574792 600w, https:\/\/periodicolarepublica.com\/wp-content\/uploads\/2025\/05\/SaveClip.App_409022663_959576185777924_4056385895536019021_n-696x696.jpg?v=1746574792 696w, https:\/\/periodicolarepublica.com\/wp-content\/uploads\/2025\/05\/SaveClip.App_409022663_959576185777924_4056385895536019021_n-1068x1068.jpg?v=1746574792 1068w, https:\/\/periodicolarepublica.com\/wp-content\/uploads\/2025\/05\/SaveClip.App_409022663_959576185777924_4056385895536019021_n.jpg?v=1746574792 1080w\" sizes=\"auto, (max-width: 300px) 100vw, 300px\" \/><\/p>\n","protected":false},"excerpt":{"rendered":"<p>Santiago Rodr\u00edguez. \u2013 El ingeniero Tom\u00e1s Hern\u00e1ndez Alberto, presidente del Movimiento Poder P&#8217;AL Pueblo, estuvo de visita en la provincia de Santiago Rodr\u00edguez, donde particip\u00f3 como invitado en el programa \u00abCerrando La Noche \u00ab. Durante su intervenci\u00f3n, reafirm\u00f3 el compromiso firme de su movimiento con la gesti\u00f3n del presidente Luis Abinader, destacando que en este [&hellip;]<\/p>\n","protected":false},"author":10,"featured_media":3212,"comment_status":"open","ping_status":"open","sticky":false,"template":"","format":"standard","meta":{"om_disable_all_campaigns":false,"_monsterinsights_skip_tracking":false,"_monsterinsights_sitenote_active":false,"_monsterinsights_sitenote_note":"","_monsterinsights_sitenote_category":0,"footnotes":""},"categories":[1],"tags":[163],"class_list":{"0":"post-3555","1":"post","2":"type-post","3":"status-publish","4":"format-standard","5":"has-post-thumbnail","7":"category-nacionales","8":"tag-tomas-hernandez-alberto"},"aioseo_notices":[],"_links":{"self":[{"href":"https:\/\/periodicolarepublica.com\/index.php\/wp-json\/wp\/v2\/posts\/3555","targetHints":{"allow":["GET"]}}],"collection":[{"href":"https:\/\/periodicolarepublica.com\/index.php\/wp-json\/wp\/v2\/posts"}],"about":[{"href":"https:\/\/periodicolarepublica.com\/index.php\/wp-json\/wp\/v2\/types\/post"}],"author":[{"embeddable":true,"href":"https:\/\/periodicolarepublica.com\/index.php\/wp-json\/wp\/v2\/users\/10"}],"replies":[{"embeddable":true,"href":"https:\/\/periodicolarepublica.com\/index.php\/wp-json\/wp\/v2\/comments?post=3555"}],"version-history":[{"count":1,"href":"https:\/\/periodicolarepublica.com\/index.php\/wp-json\/wp\/v2\/posts\/3555\/revisions"}],"predecessor-version":[{"id":3556,"href":"https:\/\/periodicolarepublica.com\/index.php\/wp-json\/wp\/v2\/posts\/3555\/revisions\/3556"}],"wp:featuredmedia":[{"embeddable":true,"href":"https:\/\/periodicolarepublica.com\/index.php\/wp-json\/wp\/v2\/media\/3212"}],"wp:attachment":[{"href":"https:\/\/periodicolarepublica.com\/index.php\/wp-json\/wp\/v2\/media?parent=3555"}],"wp:term":[{"taxonomy":"category","embeddable":true,"href":"https:\/\/periodicolarepublica.com\/index.php\/wp-json\/wp\/v2\/categories?post=3555"},{"taxonomy":"post_tag","embeddable":true,"href":"https:\/\/periodicolarepublica.com\/index.php\/wp-json\/wp\/v2\/tags?post=3555"}],"curies":[{"name":"wp","href":"https:\/\/api.w.org\/{rel}","templated":true}]}}